[{"@context":"https:\/\/schema.org\/","@type":"Article","@id":"https:\/\/www.anzug.cz\/zije-nase-spolecnost-na-ucet-mlade-generace\/#Article","mainEntityOfPage":"https:\/\/www.anzug.cz\/zije-nase-spolecnost-na-ucet-mlade-generace\/","headline":"\u017dije na\u0161e spole\u010dnost na \u00fa\u010det mlad\u00e9 generace?","name":"\u017dije na\u0161e spole\u010dnost na \u00fa\u010det mlad\u00e9 generace?","description":"A\u017e budou sou\u010dasn\u00ed \u0161kol\u00e1ci dosp\u011bl\u00ed, mo\u017en\u00e1 se n\u00e1s budou pt\u00e1t, pro\u010d jsme dopustili \u017e\u00edt na jejich \u00fa\u010det. D\u016fchodov\u00e9 (penzijn\u00ed) fondy maj\u00ed toti\u017e probl\u00e9m s&nbsp;p\u0159isl\u00edben\u00edm d\u016fchodov\u00e9ho <a class=\"mh-excerpt-more\" href=\"https:\/\/www.anzug.cz\/zije-nase-spolecnost-na-ucet-mlade-generace\/\" title=\"\u017dije na\u0161e spole\u010dnost na \u00fa\u010det mlad\u00e9 generace?\">[...]<\/a>","datePublished":"2017-03-01","dateModified":"2023-05-05","author":{"@type":"Person","@id":"https:\/\/www.anzug.cz\/author\/#Person","name":"anzug.cz\n","url":"https:\/\/www.anzug.cz\/author\/","identifier":1,"image":{"@type":"ImageObject","@id":"https:\/\/secure.gravatar.com\/avatar\/04053961f5a3d2af1f56d865c7fc774bb6a80b9754b2f4c57fa4f8cefa253bd4?s=96&d=mm&r=g","url":"https:\/\/secure.gravatar.com\/avatar\/04053961f5a3d2af1f56d865c7fc774bb6a80b9754b2f4c57fa4f8cefa253bd4?s=96&d=mm&r=g","height":96,"width":96}},"publisher":{"@type":"Organization","name":"anzug.cz","logo":{"@type":"ImageObject","@id":"\/logo.png","url":"\/logo.png","width":600,"height":60}},"image":{"@type":"ImageObject","@id":"https:\/\/anzug.cz\/wp-content\/uploads\/img_a308903_w2279_t1519935924.jpg","url":"https:\/\/anzug.cz\/wp-content\/uploads\/img_a308903_w2279_t1519935924.jpg","height":"","width":""},"url":"https:\/\/www.anzug.cz\/zije-nase-spolecnost-na-ucet-mlade-generace\/","about":["Neza\u0159azen\u00e9"],"wordCount":462,"articleBody":"A\u017e budou sou\u010dasn\u00ed \u0161kol\u00e1ci dosp\u011bl\u00ed, mo\u017en\u00e1 se n\u00e1s budou pt\u00e1t, pro\u010d jsme dopustili \u017e\u00edt na jejich \u00fa\u010det. D\u016fchodov\u00e9 (penzijn\u00ed) fondy maj\u00ed toti\u017e probl\u00e9m s&nbsp;p\u0159isl\u00edben\u00edm d\u016fchodov\u00e9ho zabezpe\u010den\u00ed sv\u00fdm klient\u016fm. Souvis\u00ed to s&nbsp;n\u00edzk\u00fdmi \u00farokov\u00fdmi sazbami centr\u00e1ln\u00edch bank v\u0161ech pr\u016fmyslov\u011b vysp\u011bl\u00fdch zem\u00ed Evropy, nen\u00ed to tedy jen p\u0159\u00edpad \u010cesk\u00e9 republiky.V&nbsp;r\u016fzn\u00fdch diskus\u00edch na toto t\u00e9ma se m\u016f\u017eeme setkat s&nbsp;n\u00e1zory, \u017ee sou\u010dasn\u00e9 obdob\u00ed p\u00e1du \u00farokov\u00fdch sazeb na sv\u00e9 minimum je jedine\u010dn\u00fdm fenom\u00e9nem dne\u0161n\u00ed doby. To v\u0161ak nen\u00ed pravda, nebo\u0165 sta\u010d\u00ed ohl\u00e9dnout se za sebe a pono\u0159it se trochu do historie, t\u0159eba do poloviny 18. stolet\u00ed, kup\u0159\u00edkladu na n\u00edzk\u00e9 v\u00fdnosy anglick\u00fdch st\u00e1tn\u00edch dluhopis\u016f, kter\u00e9 souvisely pr\u00e1v\u011b s&nbsp;n\u00edzkou \u00farokovou m\u00edrou bankovn\u00edho sektoru. V&nbsp;historii se podobn\u00e1 situace opakovala v\u00edcekr\u00e1t, ale nelze ji bohu\u017eel modelov\u011b pou\u017e\u00edt na dne\u0161n\u00ed dobu, nebo\u0165 souvisela s&nbsp;pr\u016fmyslovou revoluc\u00ed v&nbsp;19. stolet\u00ed a pozd\u011bji s&nbsp;v\u00e1le\u010dn\u00fdmi konflikty a hospod\u00e1\u0159skou kriz\u00ed 20. stolet\u00ed. Dnes tuto \u0161achovou partii hraj\u00ed jin\u00e9 figurky na jin\u00e9 \u0161achovnici.\tZm\u011bn\u00ed se to v\u016fbec? A kdy?Hor\u0161\u00ed je v\u0161ak pohled do budoucna, resp. odhad, kdy se kone\u010dn\u011b situace prolom\u00ed a zm\u011bn\u00ed. N\u011bkdo tvrd\u00ed, \u017ee m\u00e1me po\u010d\u00edtat s&nbsp;minim\u00e1ln\u011b desetilet\u00fdm horizontem podoby sou\u010dasn\u00e9 situace. To jsou v\u0161ak optimistick\u00e9 n\u00e1zory, \u0159ada &bdquo;realist\u016f&ldquo;, ne\u0159\u00edkejme jim skeptici, v\u0161ak \u010dasovou p\u0159\u00edmku prodlu\u017euje mnohem d\u00e1l. Neblah\u00e1 situace toti\u017e souvis\u00ed se st\u00e1tn\u00edm dluhem pr\u016fmyslov\u011b vysp\u011bl\u00fdch zem\u00ed. M\u00edra zadlu\u017eenosti je ne\u00fam\u011brn\u011b vysok\u00e1 ji\u017e spoustu let, p\u0159ipome\u0148me si v&nbsp;t\u00e9to souvislosti b\u00fdval\u00e9 socialistick\u00e9 \u010ceskoslovensko, kde st\u00e1tn\u00ed dluh neexistoval v\u016fbec (neple\u0165me si to s&nbsp;hrubou st\u00e1tn\u00ed zadlu\u017eenost\u00ed bez ode\u010dten\u00ed aktiv). Od roku 1990 n\u00e1\u0161 st\u00e1tn\u00ed dluh nar\u016fstal bezm\u00e1la exponenci\u00e1ln\u00ed \u0159adou, a \u017ee by n\u011bjak za\u010dal v\u00fdrazn\u011b klesat, se rozhodn\u011b neo\u010dek\u00e1v\u00e1.S&nbsp;vysokou m\u00edrou zadlu\u017eenosti st\u00e1tu souvis\u00ed i to, \u017ee vl\u00e1da nebude m\u00edt z\u00e1jem nav\u00fd\u0161it \u00farokov\u00e9 sazby, pochopiteln\u011b, v\u017edy\u0165 mus\u00ed urvat do st\u00e1tn\u00ed kasy co nejv\u00edc. A to je zas ten za\u010darovan\u00fd kruh, kdy penzijn\u00ed fondy nezvl\u00e1daj\u00ed dost\u00e1t sv\u00fdm z\u00e1vazk\u016fm vypl\u00e1cet d\u016fchody, a kdy vlastn\u011b na\u0161e sou\u010dasn\u00e1 produktivn\u00ed generace \u017eije na \u00fakor mlad\u00fdch lid\u00ed.                                                                                                                                                                                                                                                                                                                                                                                        3.7\/5 - (11 votes)        "},{"@context":"https:\/\/schema.org\/","@type":"BreadcrumbList","itemListElement":[{"@type":"ListItem","position":1,"name":"\u017dije na\u0161e spole\u010dnost na \u00fa\u010det mlad\u00e9 generace?","item":"https:\/\/www.anzug.cz\/zije-nase-spolecnost-na-ucet-mlade-generace\/#breadcrumbitem"}]}]