{"@context":"https:\/\/schema.org\/","@type":"CollectionPage","@id":"https:\/\/www.anzug.cz\/zbozi\/#CollectionPage","headline":"Zbo\u017e\u00ed Category","description":"","url":"https:\/\/www.anzug.cz\/zbozi\/","hasPart":[{"@type":"Article","@id":"https:\/\/www.anzug.cz\/muzeme-poridit-sedaci-pytel-pro-deti\/","headline":"M\u016f\u017eeme po\u0159\u00eddit sedac\u00ed pytel pro d\u011bti?","url":"https:\/\/www.anzug.cz\/muzeme-poridit-sedaci-pytel-pro-deti\/","datePublished":"2020-12-15","dateModified":"2023-05-05","mainEntityOfPage":"https:\/\/www.anzug.cz\/muzeme-poridit-sedaci-pytel-pro-deti\/","author":{"@type":"Person","@id":"https:\/\/www.anzug.cz\/author\/#Person","name":"anzug.cz\n","url":"https:\/\/www.anzug.cz\/author\/","identifier":1,"image":{"@type":"ImageObject","@id":"https:\/\/secure.gravatar.com\/avatar\/04053961f5a3d2af1f56d865c7fc774bb6a80b9754b2f4c57fa4f8cefa253bd4?s=96&d=mm&r=g","url":"https:\/\/secure.gravatar.com\/avatar\/04053961f5a3d2af1f56d865c7fc774bb6a80b9754b2f4c57fa4f8cefa253bd4?s=96&d=mm&r=g","height":96,"width":96}},"publisher":{"@type":"Organization","name":"anzug.cz","logo":{"@type":"ImageObject","@id":"\/logo.png","url":"\/logo.png","width":600,"height":60}},"image":{"@type":"ImageObject","@id":"https:\/\/www.anzug.cz\/wp-content\/uploads\/beanbag1_7.png","url":"https:\/\/www.anzug.cz\/wp-content\/uploads\/beanbag1_7.png","height":0,"width":0},"keywords":null},{"@type":"Article","@id":"https:\/\/www.anzug.cz\/vybavte-se-na-sport-tim-nejlepsim-oblecenim\/","headline":"Vybavte se na sport t\u00edm nejlep\u0161\u00edm oble\u010den\u00edm","url":"https:\/\/www.anzug.cz\/vybavte-se-na-sport-tim-nejlepsim-oblecenim\/","datePublished":"2020-11-16","dateModified":"2023-05-05","mainEntityOfPage":"https:\/\/www.anzug.cz\/vybavte-se-na-sport-tim-nejlepsim-oblecenim\/","author":{"@type":"Person","@id":"https:\/\/www.anzug.cz\/author\/#Person","name":"anzug.cz\n","url":"https:\/\/www.anzug.cz\/author\/","identifier":1,"image":{"@type":"ImageObject","@id":"https:\/\/secure.gravatar.com\/avatar\/04053961f5a3d2af1f56d865c7fc774bb6a80b9754b2f4c57fa4f8cefa253bd4?s=96&d=mm&r=g","url":"https:\/\/secure.gravatar.com\/avatar\/04053961f5a3d2af1f56d865c7fc774bb6a80b9754b2f4c57fa4f8cefa253bd4?s=96&d=mm&r=g","height":96,"width":96}},"publisher":{"@type":"Organization","name":"anzug.cz","logo":{"@type":"ImageObject","@id":"\/logo.png","url":"\/logo.png","width":600,"height":60}},"image":{"@type":"ImageObject","@id":"https:\/\/www.anzug.cz\/wp-content\/uploads\/b%C4%9Bh%20pro%20radost.jpg","url":"https:\/\/www.anzug.cz\/wp-content\/uploads\/b%C4%9Bh%20pro%20radost.jpg","height":0,"width":0},"keywords":null},{"@type":"Article","@id":"https:\/\/www.anzug.cz\/darky-pro-zname-ci-pribuzne-blysknete-se-pred-nimi-svou-originalitou\/","headline":"D\u00e1rky pro zn\u00e1m\u00e9 \u010di p\u0159\u00edbuzn\u00e9? Bl\u00fdskn\u011bte se p\u0159ed nimi svou originalitou","url":"https:\/\/www.anzug.cz\/darky-pro-zname-ci-pribuzne-blysknete-se-pred-nimi-svou-originalitou\/","datePublished":"2020-11-14","dateModified":"2023-05-05","mainEntityOfPage":"https:\/\/www.anzug.cz\/darky-pro-zname-ci-pribuzne-blysknete-se-pred-nimi-svou-originalitou\/","author":{"@type":"Person","@id":"https:\/\/www.anzug.cz\/author\/#Person","name":"anzug.cz\n","url":"https:\/\/www.anzug.cz\/author\/","identifier":1,"image":{"@type":"ImageObject","@id":"https:\/\/secure.gravatar.com\/avatar\/04053961f5a3d2af1f56d865c7fc774bb6a80b9754b2f4c57fa4f8cefa253bd4?s=96&d=mm&r=g","url":"https:\/\/secure.gravatar.com\/avatar\/04053961f5a3d2af1f56d865c7fc774bb6a80b9754b2f4c57fa4f8cefa253bd4?s=96&d=mm&r=g","height":96,"width":96}},"publisher":{"@type":"Organization","name":"anzug.cz","logo":{"@type":"ImageObject","@id":"\/logo.png","url":"\/logo.png","width":600,"height":60}},"image":{"@type":"ImageObject","@id":"https:\/\/www.anzug.cz\/wp-content\/uploads\/dom%C3%A1c%C3%AD_ko%C5%88ak.jpg","url":"https:\/\/www.anzug.cz\/wp-content\/uploads\/dom%C3%A1c%C3%AD_ko%C5%88ak.jpg","height":0,"width":0},"keywords":null},{"@type":"Article","@id":"https:\/\/www.anzug.cz\/flipovy-obal-na-huawei-p20-lite-pripomina-malou-knizku\/","headline":"Flipov\u00fd obal na Huawei P20 Lite p\u0159ipom\u00edn\u00e1 malou kn\u00ed\u017eku","url":"https:\/\/www.anzug.cz\/flipovy-obal-na-huawei-p20-lite-pripomina-malou-knizku\/","datePublished":"2020-10-23","dateModified":"2023-05-05","mainEntityOfPage":"https:\/\/www.anzug.cz\/flipovy-obal-na-huawei-p20-lite-pripomina-malou-knizku\/","author":{"@type":"Person","@id":"https:\/\/www.anzug.cz\/author\/#Person","name":"anzug.cz\n","url":"https:\/\/www.anzug.cz\/author\/","identifier":1,"image":{"@type":"ImageObject","@id":"https:\/\/secure.gravatar.com\/avatar\/04053961f5a3d2af1f56d865c7fc774bb6a80b9754b2f4c57fa4f8cefa253bd4?s=96&d=mm&r=g","url":"https:\/\/secure.gravatar.com\/avatar\/04053961f5a3d2af1f56d865c7fc774bb6a80b9754b2f4c57fa4f8cefa253bd4?s=96&d=mm&r=g","height":96,"width":96}},"publisher":{"@type":"Organization","name":"anzug.cz","logo":{"@type":"ImageObject","@id":"\/logo.png","url":"\/logo.png","width":600,"height":60}},"image":{"@type":"ImageObject","@id":"https:\/\/www.anzug.cz\/wp-content\/uploads\/flipov%C3%A9%20pouzdro.jpg","url":"https:\/\/www.anzug.cz\/wp-content\/uploads\/flipov%C3%A9%20pouzdro.jpg","height":0,"width":0},"keywords":null},{"@type":"Article","@id":"https:\/\/www.anzug.cz\/cista-voda-v-bazenu-i-v-pristi-letni-sezone\/","headline":"\u010cist\u00e1 voda v baz\u00e9nu i v p\u0159\u00ed\u0161t\u00ed letn\u00ed sez\u00f3n\u011b","url":"https:\/\/www.anzug.cz\/cista-voda-v-bazenu-i-v-pristi-letni-sezone\/","datePublished":"2019-08-15","dateModified":"2023-05-05","mainEntityOfPage":"https:\/\/www.anzug.cz\/cista-voda-v-bazenu-i-v-pristi-letni-sezone\/","author":{"@type":"Person","@id":"https:\/\/www.anzug.cz\/author\/#Person","name":"anzug.cz\n","url":"https:\/\/www.anzug.cz\/author\/","identifier":1,"image":{"@type":"ImageObject","@id":"https:\/\/secure.gravatar.com\/avatar\/04053961f5a3d2af1f56d865c7fc774bb6a80b9754b2f4c57fa4f8cefa253bd4?s=96&d=mm&r=g","url":"https:\/\/secure.gravatar.com\/avatar\/04053961f5a3d2af1f56d865c7fc774bb6a80b9754b2f4c57fa4f8cefa253bd4?s=96&d=mm&r=g","height":96,"width":96}},"publisher":{"@type":"Organization","name":"anzug.cz","logo":{"@type":"ImageObject","@id":"\/logo.png","url":"\/logo.png","width":600,"height":60}},"image":{"@type":"ImageObject","@id":"https:\/\/www.anzug.cz\/wp-content\/uploads\/img_a360229_w2076_t1574067976.jpg","url":"https:\/\/www.anzug.cz\/wp-content\/uploads\/img_a360229_w2076_t1574067976.jpg","height":0,"width":0},"keywords":null},{"@type":"Article","@id":"https:\/\/www.anzug.cz\/slunicko-nam-pomaha-udrzovat-teplou-vodu-v-bazenu\/","headline":"Slun\u00ed\u010dko n\u00e1m pom\u00e1h\u00e1 udr\u017eovat teplou vodu v baz\u00e9nu","url":"https:\/\/www.anzug.cz\/slunicko-nam-pomaha-udrzovat-teplou-vodu-v-bazenu\/","datePublished":"2017-08-09","dateModified":"2023-05-05","mainEntityOfPage":"https:\/\/www.anzug.cz\/slunicko-nam-pomaha-udrzovat-teplou-vodu-v-bazenu\/","author":{"@type":"Person","@id":"https:\/\/www.anzug.cz\/author\/#Person","name":"anzug.cz\n","url":"https:\/\/www.anzug.cz\/author\/","identifier":1,"image":{"@type":"ImageObject","@id":"https:\/\/secure.gravatar.com\/avatar\/04053961f5a3d2af1f56d865c7fc774bb6a80b9754b2f4c57fa4f8cefa253bd4?s=96&d=mm&r=g","url":"https:\/\/secure.gravatar.com\/avatar\/04053961f5a3d2af1f56d865c7fc774bb6a80b9754b2f4c57fa4f8cefa253bd4?s=96&d=mm&r=g","height":96,"width":96}},"publisher":{"@type":"Organization","name":"anzug.cz","logo":{"@type":"ImageObject","@id":"\/logo.png","url":"\/logo.png","width":600,"height":60}},"image":{"@type":"ImageObject","@id":"https:\/\/www.anzug.cz\/wp-content\/uploads\/img_a297659_w2279_t1508066815.jpg","url":"https:\/\/www.anzug.cz\/wp-content\/uploads\/img_a297659_w2279_t1508066815.jpg","height":0,"width":0},"keywords":null}]}