[{"@context":"https:\/\/schema.org\/","@type":"Article","@id":"https:\/\/www.anzug.cz\/vsude-dobre-na-vicepatrove-detske-vezi-nejlip\/#Article","mainEntityOfPage":"https:\/\/www.anzug.cz\/vsude-dobre-na-vicepatrove-detske-vezi-nejlip\/","headline":"V\u0161ude dob\u0159e, na v\u00edcepatrov\u00e9 d\u011btsk\u00e9 v\u011b\u017ei nejl\u00edp!","name":"V\u0161ude dob\u0159e, na v\u00edcepatrov\u00e9 d\u011btsk\u00e9 v\u011b\u017ei nejl\u00edp!","description":"Venku se za\u010d\u00edn\u00e1 oh\u0159\u00edvat p\u016fda a prvn\u00ed tepl\u00e9 slune\u010dn\u00ed paprsky za\u010d\u00ednaj\u00ed z\u00e1\u0159it d\u00e9le a d\u00e9le. U\u017e nelze d\u011bti udr\u017eet doma v teple, proto\u017ee jejich d\u011btsk\u00e1 <a class=\"mh-excerpt-more\" href=\"https:\/\/www.anzug.cz\/vsude-dobre-na-vicepatrove-detske-vezi-nejlip\/\" title=\"V\u0161ude dob\u0159e, na v\u00edcepatrov\u00e9 d\u011btsk\u00e9 v\u011b\u017ei nejl\u00edp!\">[...]<\/a>","datePublished":"2022-03-13","dateModified":"2023-05-05","author":{"@type":"Person","@id":"https:\/\/www.anzug.cz\/author\/#Person","name":"anzug.cz\n","url":"https:\/\/www.anzug.cz\/author\/","identifier":1,"image":{"@type":"ImageObject","@id":"https:\/\/secure.gravatar.com\/avatar\/04053961f5a3d2af1f56d865c7fc774bb6a80b9754b2f4c57fa4f8cefa253bd4?s=96&d=mm&r=g","url":"https:\/\/secure.gravatar.com\/avatar\/04053961f5a3d2af1f56d865c7fc774bb6a80b9754b2f4c57fa4f8cefa253bd4?s=96&d=mm&r=g","height":96,"width":96}},"publisher":{"@type":"Organization","name":"anzug.cz","logo":{"@type":"ImageObject","@id":"\/logo.png","url":"\/logo.png","width":600,"height":60}},"image":{"@type":"ImageObject","@id":"https:\/\/anzug.cz\/wp-content\/uploads\/Hraci%CC%81%20ve%CC%8Cz%CC%8C.jpg","url":"https:\/\/anzug.cz\/wp-content\/uploads\/Hraci%CC%81%20ve%CC%8Cz%CC%8C.jpg","height":"","width":""},"url":"https:\/\/www.anzug.cz\/vsude-dobre-na-vicepatrove-detske-vezi-nejlip\/","about":["Neza\u0159azen\u00e9"],"wordCount":496,"articleBody":"   Venku se za\u010d\u00edn\u00e1 oh\u0159\u00edvat p\u016fda a prvn\u00ed tepl\u00e9 slune\u010dn\u00ed paprsky za\u010d\u00ednaj\u00ed z\u00e1\u0159it d\u00e9le a d\u00e9le. U\u017e nelze d\u011bti udr\u017eet doma v teple, proto\u017ee jejich d\u011btsk\u00e1 du\u0161i\u010dka a spousta fantazie je t\u00e1hne ven na \u010derstv\u00fd vzduch. Jenom\u017ee co tam? Star\u00e9 hra\u010dky jsou ohran\u00e9, spousta v\u011bc\u00ed je po bl\u00e1tiv\u00e9 zim\u011b za\u0161pin\u011bn\u00fdch a na kolo je je\u0161t\u011b docela chladno. \u0158e\u0161en\u00ed se nab\u00edz\u00ed pom\u011brn\u011b snadno. Je j\u00edm proch\u00e1zka na d\u011btsk\u00e9 h\u0159i\u0161t\u011b, kde na d\u011bti \u010dek\u00e1 p\u0159\u00edmo nekone\u010dno z\u00e1bavy. Krom\u011b p\u00edsku a houpa\u010dek na n\u011b toti\u017e \u010dek\u00e1 v\u00edcepatrov\u00e1 v\u011b\u017e na d\u011btsk\u00e9m h\u0159i\u0161ti Detsk\u00e1hriste, kter\u00e1 l\u00e1k\u00e1 nejenom svou barevnost\u00ed, ale tak\u00e9 nab\u00eddkou nekone\u010dn\u00fdch d\u011btsk\u00fdch her vytvo\u0159en\u00fdch v jejich fantazii a interakc\u00ed.M\u016f\u017eeme se setkat s d\u011btsk\u00fdmi v\u011b\u017eemi pro nejmen\u0161\u00ed d\u011bti (3 &#8211; 12 let) \u010di pro rozlohov\u011b mal\u00e1 h\u0159i\u0161t\u011b (jej\u00ed rozm\u011bry \u010din\u00ed 354 cm na v\u00fd\u0161ku, 119 cm na \u0161\u00ed\u0159ku a 272 cm na d\u00e9lku). Mezi n\u011b pat\u0159\u00ed nap\u0159\u00edklad v\u011b\u017e White rhino &#8211; Safari. Jedn\u00e1 se o v\u011b\u017e z d\u0159ev\u011bn\u00e9 konstrukce (hoblovan\u00e9 d\u0159evo), je\u017e m\u00e1 st\u0159echu jako \u0161t\u00edt proti slunci a skluzavku. Obsahuje t\u0159i podesty s p\u0159\u00edstupem z r\u016fzn\u00fdch stran, a to nap\u0159\u00edklad po horolezeck\u00e9 st\u011bn\u011b. Nezapome\u0148me, \u017ee se st\u00e1le jedn\u00e1 o v\u011b\u017e, a proto je podstatn\u00e9, aby s d\u011btmi od 3 do 6 let byl na h\u0159i\u0161ti p\u0159\u00edtomn\u00fd doprovod dohl\u00ed\u017eej\u00edc\u00ed na hr\u00e1tky! Z technick\u00e9ho hlediska je \u017eivotnost a odolnost v\u011b\u017ei zaji\u0161t\u011bna impregnac\u00ed.Mezi v\u00edcepatrov\u00e9 v\u011b\u017ee pro v\u011bt\u0161\u00ed h\u0159i\u0161t\u011b \u010di ke komer\u010dn\u00edm objekt\u016fm je v nab\u00eddce nap\u0159\u00edklad v\u011b\u017e Everest Plus. Jedn\u00e1 se o opravdu vysokou konstrukci, jeliko\u017e obsahuje \u010dty\u0159i patra. V\u011b\u017e je zaji\u0161t\u011bna naimpregnovan\u00fdmi d\u0159ev\u011bn\u00fdmi k\u016fly (op\u011bt ohoblovan\u00e9 d\u0159evo). Zbytek je dotvo\u0159en z bezpe\u010dnostn\u00edch d\u016fvod\u016f siln\u00fdm kompaktn\u00edm lamin\u00e1tem o tlou\u0161\u0165ce 12 mm. Cest nahoru je hned n\u011bkolik, a to bu\u010fto po horolezeck\u00e9 st\u011bn\u011b \u010di lanov\u00e9 ramp\u011b. Dol\u016f pot\u00e9 vede skluzavka lamin\u00e1tov\u00e1 nebo ocelov\u00e1, kter\u00e1 nab\u00edz\u00ed j\u00edzdu a\u017e 330 cm \u010di spir\u00e1lov\u00e1 skluzavka o trase 510 cm. Krom\u011b \u0161plh\u00e1n\u00ed na v\u011b\u017e a n\u00e1sledn\u00e9 j\u00edzdy dol\u016f si d\u011bti mohou vyhr\u00e1t t\u0159eba v klenut\u00e9m tunelu, na nebesk\u00e9 s\u00edti \u010di v \u0161ikm\u00e9 lanov\u00e9 j\u00e1m\u011b. Z d\u016fvodu v\u00fd\u0161ky je d\u016fle\u017eit\u00e9 myslet na dopadovou plochu, kter\u00e1 nesm\u00ed b\u00fdt z asfaltu \u010di betonu. V\u00fd\u0161ka p\u00e1du \u010din\u00ed 1,9 metr\u016f. Z tohoto d\u016fvodu je tak\u00e9 d\u016fle\u017eit\u00fd dohled nad d\u011btmi, kter\u00e9 na h\u0159i\u0161t\u011b s touto v\u011b\u017e\u00ed sm\u00ed v rozmez\u00ed 5 &#8211; 12 let.                                                                                                                                                                                                                                                                                                                                                                                          4.2\/5 - (8 votes)        "},{"@context":"https:\/\/schema.org\/","@type":"BreadcrumbList","itemListElement":[{"@type":"ListItem","position":1,"name":"V\u0161ude dob\u0159e, na v\u00edcepatrov\u00e9 d\u011btsk\u00e9 v\u011b\u017ei nejl\u00edp!","item":"https:\/\/www.anzug.cz\/vsude-dobre-na-vicepatrove-detske-vezi-nejlip\/#breadcrumbitem"}]}]