[{"@context":"https:\/\/schema.org\/","@type":"Article","@id":"https:\/\/www.anzug.cz\/pestre-barvy-vlasu-trend-ktery-slusi\/#Article","mainEntityOfPage":"https:\/\/www.anzug.cz\/pestre-barvy-vlasu-trend-ktery-slusi\/","headline":"Pestr\u00e9 barvy vlas\u016f \u2013 trend, kter\u00fd slu\u0161\u00ed","name":"Pestr\u00e9 barvy vlas\u016f \u2013 trend, kter\u00fd slu\u0161\u00ed","description":"&nbsp;Po vln\u011b ombre p\u0159i\u0161la nov\u00e1 m\u00f3da. Pastelov\u00e9 barvy. Jsou v\u0161ude a vid\u011bt v metru modrou hlavu u\u017e v\u016fbec neznamen\u00e1, \u017ee jste potkali jak\u00e9hosi pochybn\u00e9ho punkera, <a class=\"mh-excerpt-more\" href=\"https:\/\/www.anzug.cz\/pestre-barvy-vlasu-trend-ktery-slusi\/\" title=\"Pestr\u00e9 barvy vlas\u016f \u2013 trend, kter\u00fd slu\u0161\u00ed\">[...]<\/a>","datePublished":"2016-08-22","dateModified":"2023-05-05","author":{"@type":"Person","@id":"https:\/\/www.anzug.cz\/author\/#Person","name":"anzug.cz\n","url":"https:\/\/www.anzug.cz\/author\/","identifier":1,"image":{"@type":"ImageObject","@id":"https:\/\/secure.gravatar.com\/avatar\/04053961f5a3d2af1f56d865c7fc774bb6a80b9754b2f4c57fa4f8cefa253bd4?s=96&d=mm&r=g","url":"https:\/\/secure.gravatar.com\/avatar\/04053961f5a3d2af1f56d865c7fc774bb6a80b9754b2f4c57fa4f8cefa253bd4?s=96&d=mm&r=g","height":96,"width":96}},"publisher":{"@type":"Organization","name":"anzug.cz","logo":{"@type":"ImageObject","@id":"\/logo.png","url":"\/logo.png","width":600,"height":60}},"image":{"@type":"ImageObject","@id":"https:\/\/anzug.cz\/wp-content\/uploads\/img_a290753_w2279_t1503431733.jpg","url":"https:\/\/anzug.cz\/wp-content\/uploads\/img_a290753_w2279_t1503431733.jpg","height":"","width":""},"url":"https:\/\/www.anzug.cz\/pestre-barvy-vlasu-trend-ktery-slusi\/","about":["Neza\u0159azen\u00e9"],"wordCount":477,"articleBody":"&nbsp;Po vln\u011b ombre p\u0159i\u0161la nov\u00e1 m\u00f3da. Pastelov\u00e9 barvy. Jsou v\u0161ude a vid\u011bt v metru modrou hlavu u\u017e v\u016fbec neznamen\u00e1, \u017ee jste potkali jak\u00e9hosi pochybn\u00e9ho punkera, ale je to \u00fapln\u011b b\u011b\u017en\u00e9.&nbsp;A\u0165 u\u017e chcete zkusit modr\u00e9 kone\u010dky, r\u016f\u017eov\u00e9 prou\u017eky nebo rovnou celou hlavu fialkovou, nap\u0159ed mus\u00edte inkriminovan\u00e1 m\u00edsta zesv\u011btlit. Pastelov\u00e9 barvy chytaj\u00ed na blond vlasy. Jste-li blond\u00fdna, bingo. Jestli nejste, kupte si zesv\u011btlova\u010d nebo rad\u011bji rovnou zajd\u011bte ke kade\u0159nici, aby nedo\u0161lo ke \u0161kod\u00e1m, kter\u00e9 se t\u011b\u017eko napravuj\u00ed.Kdy\u017e jsou vlasy \u00fasp\u011b\u0161n\u011b sv\u011btl\u00e9, u\u017e je jen nabarv\u00edte danou pastelovou barvou a tad\u00e1&hellip;! Co kdy\u017e v\u00e1m ale zrovna tahle barva nebude slu\u0161et?&nbsp;Jakou si vybrat?&nbsp;Pokud jste sv\u011btl\u00fd typ, v\u00fdborn\u00e1 volba jsou r\u016fzn\u00e9 odst\u00edny r\u016f\u017eov\u00e9, r\u016f\u017eov\u00e1 blond nebo sv\u011btlounce modr\u00e1, kter\u00e1 se kr\u00e1sn\u011b odr\u00e1\u017e\u00ed v modr\u00fdch i zelen\u00fdch o\u010d\u00edch. Sv\u011btlej\u0161\u00ed z\u00e1\u0159iv\u00e9 odst\u00edny jsou vym\u00fdvac\u00ed, jejich barva se tedy bude postupn\u011b m\u011bnit, s \u010d\u00edm\u017e je t\u0159eba po\u010d\u00edtat.St\u0159edn\u011b tmav\u00e9 typy ocen\u00ed tmav\u011b modrou, ale i \u010derven\u00e9 kone\u010dky nebo prou\u017eky (cel\u00e1 hlava z\u00e1\u0159iv\u011b \u010derven\u00e1 u\u017e chce opravdu odvahu). Kr\u00e1sn\u00e1 je sv\u011btle fialov\u00e1.Tmav\u0161\u00ed, jako t\u0159eba m\u011bd\u011bn\u00e1, tmav\u011b fialov\u00e1 a jin\u00e9 syt\u011bj\u0161\u00ed barvy jsou permanentn\u011bj\u0161\u00ed.I pokud m\u00e1te hluboce kakaov\u00e9 o\u010di a h\u0159\u00edvu lesknouc\u00ed se a\u017e do \u010derna, nezoufejte. Do fialova p\u0159ech\u00e1zej\u00edc\u00ed ombre v\u00e1m bude lichotit, stejn\u011b jako temn\u011b rud\u00e9 prou\u017eky.Mo\u017en\u00e9 je tak\u00e9 koupit si spreje, kter\u00e9 si m\u016f\u017eete nast\u0159\u00edkat, kdy\u017e chcete p\u0159ij\u00edt prom\u011bn\u011bn\u00e1 t\u0159eba na koncert nebo na rande. Vydr\u017e\u00ed do prvn\u00edho umyt\u00ed \u0161amponem a daj\u00ed se v p\u0159\u00edpad\u011b pot\u0159eby ot\u0159\u00edt. Jsou vhodn\u00e9 i na vyzkou\u0161en\u00ed, jestli do z\u00e1\u0159iv\u00e9 barvy opravdu chcete j\u00edt. Tady se nemus\u00edte b\u00e1t, s \u010d\u00edm p\u016fjdete r\u00e1no do pr\u00e1ce. Nast\u0159\u00edk\u00e1te a vyr\u00e1\u017e\u00edte z\u00e1\u0159it!&nbsp;M\u00f3da i pro kluky&nbsp;Bl\u00e1zniv\u00e9 barvy jsou i pro kluky! Jestli jste mu\u017e a do\u010detli jste a\u017e sem nebo chcete jen poradit p\u0159\u00edteli, klidn\u011b do toho jd\u011bte tak\u00e9. Pro mlad\u00e9 kluky je to jasn\u00e9, ale pro\u010d do toho nej\u00edt i ve zralej\u0161\u00edm v\u011bku. Bour\u00e1me stereotypy. Kdy\u017e chce m\u00edt dosp\u011bl\u00fd mu\u017e z\u00e1\u0159ivou barvu vlas\u016f, pro\u010d by nemohl. Postup je tu stejn\u00fd, ale s barven\u00edm asi m\u00e1te men\u0161\u00ed zku\u0161enosti, proto rad\u011bji zami\u0159te do kade\u0159nictv\u00ed nebo po\u017e\u00e1dejte drahou polovi\u010dku.&nbsp;Modr\u00e1 je dobr\u00e1, \u010derven\u00e1 je lep\u0161\u00ed&hellip; a jen r\u016f\u017eov\u00e1 to m\u016f\u017ee b\u00fdt. Tak kterou?                                                                                                                                                                                                                                                                                                                                                                                        4.5\/5 - (14 votes)        "},{"@context":"https:\/\/schema.org\/","@type":"BreadcrumbList","itemListElement":[{"@type":"ListItem","position":1,"name":"Pestr\u00e9 barvy vlas\u016f \u2013 trend, kter\u00fd slu\u0161\u00ed","item":"https:\/\/www.anzug.cz\/pestre-barvy-vlasu-trend-ktery-slusi\/#breadcrumbitem"}]}]