[{"@context":"https:\/\/schema.org\/","@type":"Blog","@id":"https:\/\/www.anzug.cz#Blog","headline":"Anzug","description":"\nTou\u017e\u00edte se dozv\u011bd\u011bt n\u011bco nov\u00e9ho, n\u011bco, co v\u00e1m nikde jinde ne\u0159eknou? Pak zav\u00edtejte na n\u00e1\u0161 web. Tady se dozv\u00edte v\u0161e, co stoj\u00ed za to. A nic, co za to nestoj\u00ed.","url":"https:\/\/www.anzug.cz","hasPart":[{"@type":"Article","@id":"https:\/\/www.anzug.cz\/elektronicke-cigarety\/","headline":"Elektronick\u00e9 cigarety","url":"https:\/\/www.anzug.cz\/elektronicke-cigarety\/","datePublished":"2025-03-24","dateModified":"2025-03-24","mainEntityOfPage":"https:\/\/www.anzug.cz\/elektronicke-cigarety\/","author":{"@type":"Person","@id":"https:\/\/www.anzug.cz\/author\/#Person","name":"anzug.cz\n","url":"https:\/\/www.anzug.cz\/author\/","identifier":1,"image":{"@type":"ImageObject","@id":"https:\/\/secure.gravatar.com\/avatar\/04053961f5a3d2af1f56d865c7fc774bb6a80b9754b2f4c57fa4f8cefa253bd4?s=96&d=mm&r=g","url":"https:\/\/secure.gravatar.com\/avatar\/04053961f5a3d2af1f56d865c7fc774bb6a80b9754b2f4c57fa4f8cefa253bd4?s=96&d=mm&r=g","height":96,"width":96}},"publisher":{"@type":"Organization","name":"anzug.cz","logo":{"@type":"ImageObject","@id":"\/logo.png","url":"\/logo.png","width":600,"height":60}},"image":null,"wordCount":206,"keywords":null},{"@type":"Article","@id":"https:\/\/www.anzug.cz\/tvorba-webovych-stranek\/","headline":"Tvorba webov\u00fdch str\u00e1nek","url":"https:\/\/www.anzug.cz\/tvorba-webovych-stranek\/","datePublished":"2025-03-15","dateModified":"2025-03-15","mainEntityOfPage":"https:\/\/www.anzug.cz\/tvorba-webovych-stranek\/","author":{"@type":"Person","@id":"https:\/\/www.anzug.cz\/author\/#Person","name":"anzug.cz\n","url":"https:\/\/www.anzug.cz\/author\/","identifier":1,"image":{"@type":"ImageObject","@id":"https:\/\/secure.gravatar.com\/avatar\/04053961f5a3d2af1f56d865c7fc774bb6a80b9754b2f4c57fa4f8cefa253bd4?s=96&d=mm&r=g","url":"https:\/\/secure.gravatar.com\/avatar\/04053961f5a3d2af1f56d865c7fc774bb6a80b9754b2f4c57fa4f8cefa253bd4?s=96&d=mm&r=g","height":96,"width":96}},"publisher":{"@type":"Organization","name":"anzug.cz","logo":{"@type":"ImageObject","@id":"\/logo.png","url":"\/logo.png","width":600,"height":60}},"image":null,"wordCount":262,"keywords":null},{"@type":"Article","@id":"https:\/\/www.anzug.cz\/zbavte-se-sveho-navyku-na-tabakovych-vyrobcich\/","headline":"Zbavte se sv\u00e9ho n\u00e1vyku na tab\u00e1kov\u00fdch v\u00fdrobc\u00edch","url":"https:\/\/www.anzug.cz\/zbavte-se-sveho-navyku-na-tabakovych-vyrobcich\/","datePublished":"2025-03-08","dateModified":"2025-03-08","mainEntityOfPage":"https:\/\/www.anzug.cz\/zbavte-se-sveho-navyku-na-tabakovych-vyrobcich\/","author":{"@type":"Person","@id":"https:\/\/www.anzug.cz\/author\/#Person","name":"anzug.cz\n","url":"https:\/\/www.anzug.cz\/author\/","identifier":1,"image":{"@type":"ImageObject","@id":"https:\/\/secure.gravatar.com\/avatar\/04053961f5a3d2af1f56d865c7fc774bb6a80b9754b2f4c57fa4f8cefa253bd4?s=96&d=mm&r=g","url":"https:\/\/secure.gravatar.com\/avatar\/04053961f5a3d2af1f56d865c7fc774bb6a80b9754b2f4c57fa4f8cefa253bd4?s=96&d=mm&r=g","height":96,"width":96}},"publisher":{"@type":"Organization","name":"anzug.cz","logo":{"@type":"ImageObject","@id":"\/logo.png","url":"\/logo.png","width":600,"height":60}},"image":null,"wordCount":228,"keywords":null},{"@type":"Article","@id":"https:\/\/www.anzug.cz\/policove-regaly\/","headline":"Policov\u00e9 reg\u00e1ly","url":"https:\/\/www.anzug.cz\/policove-regaly\/","datePublished":"2025-02-26","dateModified":"2025-02-26","mainEntityOfPage":"https:\/\/www.anzug.cz\/policove-regaly\/","author":{"@type":"Person","@id":"https:\/\/www.anzug.cz\/author\/#Person","name":"anzug.cz\n","url":"https:\/\/www.anzug.cz\/author\/","identifier":1,"image":{"@type":"ImageObject","@id":"https:\/\/secure.gravatar.com\/avatar\/04053961f5a3d2af1f56d865c7fc774bb6a80b9754b2f4c57fa4f8cefa253bd4?s=96&d=mm&r=g","url":"https:\/\/secure.gravatar.com\/avatar\/04053961f5a3d2af1f56d865c7fc774bb6a80b9754b2f4c57fa4f8cefa253bd4?s=96&d=mm&r=g","height":96,"width":96}},"publisher":{"@type":"Organization","name":"anzug.cz","logo":{"@type":"ImageObject","@id":"\/logo.png","url":"\/logo.png","width":600,"height":60}},"image":null,"wordCount":221,"keywords":null},{"@type":"Article","@id":"https:\/\/www.anzug.cz\/chorvatsko-dovolena\/","headline":"Chorvatsko dovolen\u00e1","url":"https:\/\/www.anzug.cz\/chorvatsko-dovolena\/","datePublished":"2025-02-20","dateModified":"2025-02-20","mainEntityOfPage":"https:\/\/www.anzug.cz\/chorvatsko-dovolena\/","author":{"@type":"Person","@id":"https:\/\/www.anzug.cz\/author\/#Person","name":"anzug.cz\n","url":"https:\/\/www.anzug.cz\/author\/","identifier":1,"image":{"@type":"ImageObject","@id":"https:\/\/secure.gravatar.com\/avatar\/04053961f5a3d2af1f56d865c7fc774bb6a80b9754b2f4c57fa4f8cefa253bd4?s=96&d=mm&r=g","url":"https:\/\/secure.gravatar.com\/avatar\/04053961f5a3d2af1f56d865c7fc774bb6a80b9754b2f4c57fa4f8cefa253bd4?s=96&d=mm&r=g","height":96,"width":96}},"publisher":{"@type":"Organization","name":"anzug.cz","logo":{"@type":"ImageObject","@id":"\/logo.png","url":"\/logo.png","width":600,"height":60}},"image":null,"wordCount":201,"keywords":null},{"@type":"Article","@id":"https:\/\/www.anzug.cz\/chteli-byste-velky-vyber-dekoracnich-latek\/","headline":"Cht\u011bli byste velk\u00fd v\u00fdb\u011br dekora\u010dn\u00edch l\u00e1tek?","url":"https:\/\/www.anzug.cz\/chteli-byste-velky-vyber-dekoracnich-latek\/","datePublished":"2025-02-10","dateModified":"2025-02-10","mainEntityOfPage":"https:\/\/www.anzug.cz\/chteli-byste-velky-vyber-dekoracnich-latek\/","author":{"@type":"Person","@id":"https:\/\/www.anzug.cz\/author\/#Person","name":"anzug.cz\n","url":"https:\/\/www.anzug.cz\/author\/","identifier":1,"image":{"@type":"ImageObject","@id":"https:\/\/secure.gravatar.com\/avatar\/04053961f5a3d2af1f56d865c7fc774bb6a80b9754b2f4c57fa4f8cefa253bd4?s=96&d=mm&r=g","url":"https:\/\/secure.gravatar.com\/avatar\/04053961f5a3d2af1f56d865c7fc774bb6a80b9754b2f4c57fa4f8cefa253bd4?s=96&d=mm&r=g","height":96,"width":96}},"publisher":{"@type":"Organization","name":"anzug.cz","logo":{"@type":"ImageObject","@id":"\/logo.png","url":"\/logo.png","width":600,"height":60}},"image":null,"wordCount":220,"keywords":null},{"@type":"Article","@id":"https:\/\/www.anzug.cz\/pro-kazdeho-kdo-rad-ridi\/","headline":"Pro ka\u017ed\u00e9ho, kdo r\u00e1d \u0159\u00edd\u00ed!","url":"https:\/\/www.anzug.cz\/pro-kazdeho-kdo-rad-ridi\/","datePublished":"2025-02-08","dateModified":"2025-02-08","mainEntityOfPage":"https:\/\/www.anzug.cz\/pro-kazdeho-kdo-rad-ridi\/","author":{"@type":"Person","@id":"https:\/\/www.anzug.cz\/author\/#Person","name":"anzug.cz\n","url":"https:\/\/www.anzug.cz\/author\/","identifier":1,"image":{"@type":"ImageObject","@id":"https:\/\/secure.gravatar.com\/avatar\/04053961f5a3d2af1f56d865c7fc774bb6a80b9754b2f4c57fa4f8cefa253bd4?s=96&d=mm&r=g","url":"https:\/\/secure.gravatar.com\/avatar\/04053961f5a3d2af1f56d865c7fc774bb6a80b9754b2f4c57fa4f8cefa253bd4?s=96&d=mm&r=g","height":96,"width":96}},"publisher":{"@type":"Organization","name":"anzug.cz","logo":{"@type":"ImageObject","@id":"\/logo.png","url":"\/logo.png","width":600,"height":60}},"image":null,"wordCount":245,"keywords":null},{"@type":"Article","@id":"https:\/\/www.anzug.cz\/aby-vase-fasada-nebyla-zranitelna\/","headline":"Aby va\u0161e fas\u00e1da nebyla zraniteln\u00e1","url":"https:\/\/www.anzug.cz\/aby-vase-fasada-nebyla-zranitelna\/","datePublished":"2025-02-04","dateModified":"2025-02-04","mainEntityOfPage":"https:\/\/www.anzug.cz\/aby-vase-fasada-nebyla-zranitelna\/","author":{"@type":"Person","@id":"https:\/\/www.anzug.cz\/author\/#Person","name":"anzug.cz\n","url":"https:\/\/www.anzug.cz\/author\/","identifier":1,"image":{"@type":"ImageObject","@id":"https:\/\/secure.gravatar.com\/avatar\/04053961f5a3d2af1f56d865c7fc774bb6a80b9754b2f4c57fa4f8cefa253bd4?s=96&d=mm&r=g","url":"https:\/\/secure.gravatar.com\/avatar\/04053961f5a3d2af1f56d865c7fc774bb6a80b9754b2f4c57fa4f8cefa253bd4?s=96&d=mm&r=g","height":96,"width":96}},"publisher":{"@type":"Organization","name":"anzug.cz","logo":{"@type":"ImageObject","@id":"\/logo.png","url":"\/logo.png","width":600,"height":60}},"image":{"@type":"ImageObject","@id":"https:\/\/www.anzug.cz\/wp-content\/uploads\/construction-site-3421177_640_10_6.jpg","url":"https:\/\/www.anzug.cz\/wp-content\/uploads\/construction-site-3421177_640_10_6.jpg","height":0,"width":0},"wordCount":629,"keywords":null},{"@type":"Article","@id":"https:\/\/www.anzug.cz\/bavite-se-radi\/","headline":"Bav\u00edte se r\u00e1di?","url":"https:\/\/www.anzug.cz\/bavite-se-radi\/","datePublished":"2025-01-29","dateModified":"2025-01-29","mainEntityOfPage":"https:\/\/www.anzug.cz\/bavite-se-radi\/","author":{"@type":"Person","@id":"https:\/\/www.anzug.cz\/author\/#Person","name":"anzug.cz\n","url":"https:\/\/www.anzug.cz\/author\/","identifier":1,"image":{"@type":"ImageObject","@id":"https:\/\/secure.gravatar.com\/avatar\/04053961f5a3d2af1f56d865c7fc774bb6a80b9754b2f4c57fa4f8cefa253bd4?s=96&d=mm&r=g","url":"https:\/\/secure.gravatar.com\/avatar\/04053961f5a3d2af1f56d865c7fc774bb6a80b9754b2f4c57fa4f8cefa253bd4?s=96&d=mm&r=g","height":96,"width":96}},"publisher":{"@type":"Organization","name":"anzug.cz","logo":{"@type":"ImageObject","@id":"\/logo.png","url":"\/logo.png","width":600,"height":60}},"image":null,"wordCount":259,"keywords":null},{"@type":"Article","@id":"https:\/\/www.anzug.cz\/udelejte-si-radost\/","headline":"Ud\u011blejte si radost","url":"https:\/\/www.anzug.cz\/udelejte-si-radost\/","datePublished":"2025-01-26","dateModified":"2025-01-26","mainEntityOfPage":"https:\/\/www.anzug.cz\/udelejte-si-radost\/","author":{"@type":"Person","@id":"https:\/\/www.anzug.cz\/author\/#Person","name":"anzug.cz\n","url":"https:\/\/www.anzug.cz\/author\/","identifier":1,"image":{"@type":"ImageObject","@id":"https:\/\/secure.gravatar.com\/avatar\/04053961f5a3d2af1f56d865c7fc774bb6a80b9754b2f4c57fa4f8cefa253bd4?s=96&d=mm&r=g","url":"https:\/\/secure.gravatar.com\/avatar\/04053961f5a3d2af1f56d865c7fc774bb6a80b9754b2f4c57fa4f8cefa253bd4?s=96&d=mm&r=g","height":96,"width":96}},"publisher":{"@type":"Organization","name":"anzug.cz","logo":{"@type":"ImageObject","@id":"\/logo.png","url":"\/logo.png","width":600,"height":60}},"image":null,"wordCount":254,"keywords":null}]},{"@context":"https:\/\/schema.org","@type":"WebSite","@id":"https:\/\/www.anzug.cz\/#website","name":"Anzug","url":"https:\/\/www.anzug.cz","potentialAction":{"@type":"SearchAction","target":"https:\/\/www.anzug.cz\/?s={search_term_string}","query-input":"required name=search_term_string"}}]