[{"@context":"https:\/\/schema.org\/","@type":"Blog","@id":"https:\/\/www.anzug.cz#Blog","headline":"Anzug","description":"\nTou\u017e\u00edte se dozv\u011bd\u011bt n\u011bco nov\u00e9ho, n\u011bco, co v\u00e1m nikde jinde ne\u0159eknou? Pak zav\u00edtejte na n\u00e1\u0161 web. Tady se dozv\u00edte v\u0161e, co stoj\u00ed za to. A nic, co za to nestoj\u00ed.","url":"https:\/\/www.anzug.cz","hasPart":[{"@type":"Article","@id":"https:\/\/www.anzug.cz\/elektronicky-podpis-ma-sva-uskali-ktera-se-odrazila-ve-zmene-legislativy\/","headline":"Elektronick\u00fd podpis m\u00e1 sv\u00e1 \u00faskal\u00ed, kter\u00e1 se odrazila ve zm\u011bn\u011b legislativy","url":"https:\/\/www.anzug.cz\/elektronicky-podpis-ma-sva-uskali-ktera-se-odrazila-ve-zmene-legislativy\/","datePublished":"2017-03-03","dateModified":"2023-05-05","mainEntityOfPage":"https:\/\/www.anzug.cz\/elektronicky-podpis-ma-sva-uskali-ktera-se-odrazila-ve-zmene-legislativy\/","author":{"@type":"Person","@id":"https:\/\/www.anzug.cz\/author\/#Person","name":"anzug.cz\n","url":"https:\/\/www.anzug.cz\/author\/","identifier":1,"image":{"@type":"ImageObject","@id":"https:\/\/secure.gravatar.com\/avatar\/04053961f5a3d2af1f56d865c7fc774bb6a80b9754b2f4c57fa4f8cefa253bd4?s=96&d=mm&r=g","url":"https:\/\/secure.gravatar.com\/avatar\/04053961f5a3d2af1f56d865c7fc774bb6a80b9754b2f4c57fa4f8cefa253bd4?s=96&d=mm&r=g","height":96,"width":96}},"publisher":{"@type":"Organization","name":"anzug.cz","logo":{"@type":"ImageObject","@id":"\/logo.png","url":"\/logo.png","width":600,"height":60}},"image":{"@type":"ImageObject","@id":"https:\/\/anzug.cz\/wp-content\/uploads\/img_a309087_w2279_t1520060514.jpg","url":"https:\/\/anzug.cz\/wp-content\/uploads\/img_a309087_w2279_t1520060514.jpg","height":"","width":""},"wordCount":534,"keywords":null},{"@type":"Article","@id":"https:\/\/www.anzug.cz\/zije-nase-spolecnost-na-ucet-mlade-generace\/","headline":"\u017dije na\u0161e spole\u010dnost na \u00fa\u010det mlad\u00e9 generace?","url":"https:\/\/www.anzug.cz\/zije-nase-spolecnost-na-ucet-mlade-generace\/","datePublished":"2017-03-01","dateModified":"2023-05-05","mainEntityOfPage":"https:\/\/www.anzug.cz\/zije-nase-spolecnost-na-ucet-mlade-generace\/","author":{"@type":"Person","@id":"https:\/\/www.anzug.cz\/author\/#Person","name":"anzug.cz\n","url":"https:\/\/www.anzug.cz\/author\/","identifier":1,"image":{"@type":"ImageObject","@id":"https:\/\/secure.gravatar.com\/avatar\/04053961f5a3d2af1f56d865c7fc774bb6a80b9754b2f4c57fa4f8cefa253bd4?s=96&d=mm&r=g","url":"https:\/\/secure.gravatar.com\/avatar\/04053961f5a3d2af1f56d865c7fc774bb6a80b9754b2f4c57fa4f8cefa253bd4?s=96&d=mm&r=g","height":96,"width":96}},"publisher":{"@type":"Organization","name":"anzug.cz","logo":{"@type":"ImageObject","@id":"\/logo.png","url":"\/logo.png","width":600,"height":60}},"image":{"@type":"ImageObject","@id":"https:\/\/anzug.cz\/wp-content\/uploads\/img_a308903_w2279_t1519935924.jpg","url":"https:\/\/anzug.cz\/wp-content\/uploads\/img_a308903_w2279_t1519935924.jpg","height":"","width":""},"wordCount":503,"keywords":null},{"@type":"Article","@id":"https:\/\/www.anzug.cz\/netflix-nekonecna-zabava-primo-ve-vasem-obyvaku-nebo-tabletu\/","headline":"NETFLIX: nekone\u010dn\u00e1 z\u00e1bava p\u0159\u00edmo ve va\u0161em ob\u00fdv\u00e1ku nebo tabletu","url":"https:\/\/www.anzug.cz\/netflix-nekonecna-zabava-primo-ve-vasem-obyvaku-nebo-tabletu\/","datePublished":"2017-02-24","dateModified":"2023-05-05","mainEntityOfPage":"https:\/\/www.anzug.cz\/netflix-nekonecna-zabava-primo-ve-vasem-obyvaku-nebo-tabletu\/","author":{"@type":"Person","@id":"https:\/\/www.anzug.cz\/author\/#Person","name":"anzug.cz\n","url":"https:\/\/www.anzug.cz\/author\/","identifier":1,"image":{"@type":"ImageObject","@id":"https:\/\/secure.gravatar.com\/avatar\/04053961f5a3d2af1f56d865c7fc774bb6a80b9754b2f4c57fa4f8cefa253bd4?s=96&d=mm&r=g","url":"https:\/\/secure.gravatar.com\/avatar\/04053961f5a3d2af1f56d865c7fc774bb6a80b9754b2f4c57fa4f8cefa253bd4?s=96&d=mm&r=g","height":96,"width":96}},"publisher":{"@type":"Organization","name":"anzug.cz","logo":{"@type":"ImageObject","@id":"\/logo.png","url":"\/logo.png","width":600,"height":60}},"image":{"@type":"ImageObject","@id":"https:\/\/anzug.cz\/wp-content\/uploads\/img_a308357_w2279_t1519465304.jpg","url":"https:\/\/anzug.cz\/wp-content\/uploads\/img_a308357_w2279_t1519465304.jpg","height":"","width":""},"wordCount":2514,"keywords":null},{"@type":"Article","@id":"https:\/\/www.anzug.cz\/problemy-s-erekci-a-predcasnou-ejakulaci-to-je-nemoc-tela-i-duse\/","headline":"Probl\u00e9my s erekc\u00ed a p\u0159ed\u010dasnou ejakulac\u00ed \u2013 to je nemoc t\u011bla i du\u0161e","url":"https:\/\/www.anzug.cz\/problemy-s-erekci-a-predcasnou-ejakulaci-to-je-nemoc-tela-i-duse\/","datePublished":"2017-02-06","dateModified":"2023-05-05","mainEntityOfPage":"https:\/\/www.anzug.cz\/problemy-s-erekci-a-predcasnou-ejakulaci-to-je-nemoc-tela-i-duse\/","author":{"@type":"Person","@id":"https:\/\/www.anzug.cz\/author\/#Person","name":"anzug.cz\n","url":"https:\/\/www.anzug.cz\/author\/","identifier":1,"image":{"@type":"ImageObject","@id":"https:\/\/secure.gravatar.com\/avatar\/04053961f5a3d2af1f56d865c7fc774bb6a80b9754b2f4c57fa4f8cefa253bd4?s=96&d=mm&r=g","url":"https:\/\/secure.gravatar.com\/avatar\/04053961f5a3d2af1f56d865c7fc774bb6a80b9754b2f4c57fa4f8cefa253bd4?s=96&d=mm&r=g","height":96,"width":96}},"publisher":{"@type":"Organization","name":"anzug.cz","logo":{"@type":"ImageObject","@id":"\/logo.png","url":"\/logo.png","width":600,"height":60}},"image":{"@type":"ImageObject","@id":"https:\/\/anzug.cz\/wp-content\/uploads\/img_a306715_w2279_t1517943862.jpg","url":"https:\/\/anzug.cz\/wp-content\/uploads\/img_a306715_w2279_t1517943862.jpg","height":"","width":""},"wordCount":2616,"keywords":null},{"@type":"Article","@id":"https:\/\/www.anzug.cz\/je-sazeni-opravdu-vydelecny-business\/","headline":"Je s\u00e1zen\u00ed opravdu v\u00fdd\u011ble\u010dn\u00fd business?","url":"https:\/\/www.anzug.cz\/je-sazeni-opravdu-vydelecny-business\/","datePublished":"2017-01-27","dateModified":"2023-05-05","mainEntityOfPage":"https:\/\/www.anzug.cz\/je-sazeni-opravdu-vydelecny-business\/","author":{"@type":"Person","@id":"https:\/\/www.anzug.cz\/author\/#Person","name":"anzug.cz\n","url":"https:\/\/www.anzug.cz\/author\/","identifier":1,"image":{"@type":"ImageObject","@id":"https:\/\/secure.gravatar.com\/avatar\/04053961f5a3d2af1f56d865c7fc774bb6a80b9754b2f4c57fa4f8cefa253bd4?s=96&d=mm&r=g","url":"https:\/\/secure.gravatar.com\/avatar\/04053961f5a3d2af1f56d865c7fc774bb6a80b9754b2f4c57fa4f8cefa253bd4?s=96&d=mm&r=g","height":96,"width":96}},"publisher":{"@type":"Organization","name":"anzug.cz","logo":{"@type":"ImageObject","@id":"\/logo.png","url":"\/logo.png","width":600,"height":60}},"image":{"@type":"ImageObject","@id":"https:\/\/anzug.cz\/wp-content\/uploads\/img_a305569_w2279_t1517060705.jpg","url":"https:\/\/anzug.cz\/wp-content\/uploads\/img_a305569_w2279_t1517060705.jpg","height":"","width":""},"wordCount":587,"keywords":null},{"@type":"Article","@id":"https:\/\/www.anzug.cz\/jak-vlastne-ten-kousek-plastu-funguje\/","headline":"Jak vlastn\u011b ten kousek plastu funguje?","url":"https:\/\/www.anzug.cz\/jak-vlastne-ten-kousek-plastu-funguje\/","datePublished":"2017-01-01","dateModified":"2023-05-05","mainEntityOfPage":"https:\/\/www.anzug.cz\/jak-vlastne-ten-kousek-plastu-funguje\/","author":{"@type":"Person","@id":"https:\/\/www.anzug.cz\/author\/#Person","name":"anzug.cz\n","url":"https:\/\/www.anzug.cz\/author\/","identifier":1,"image":{"@type":"ImageObject","@id":"https:\/\/secure.gravatar.com\/avatar\/04053961f5a3d2af1f56d865c7fc774bb6a80b9754b2f4c57fa4f8cefa253bd4?s=96&d=mm&r=g","url":"https:\/\/secure.gravatar.com\/avatar\/04053961f5a3d2af1f56d865c7fc774bb6a80b9754b2f4c57fa4f8cefa253bd4?s=96&d=mm&r=g","height":96,"width":96}},"publisher":{"@type":"Organization","name":"anzug.cz","logo":{"@type":"ImageObject","@id":"\/logo.png","url":"\/logo.png","width":600,"height":60}},"image":{"@type":"ImageObject","@id":"https:\/\/anzug.cz\/wp-content\/uploads\/img_a303967_w2279_t1514757918.jpg","url":"https:\/\/anzug.cz\/wp-content\/uploads\/img_a303967_w2279_t1514757918.jpg","height":"","width":""},"wordCount":711,"keywords":null},{"@type":"Article","@id":"https:\/\/www.anzug.cz\/jak-si-splnit-sen-o-vlastnim-bydleni\/","headline":"Jak si splnit sen o vlastn\u00edm bydlen\u00ed","url":"https:\/\/www.anzug.cz\/jak-si-splnit-sen-o-vlastnim-bydleni\/","datePublished":"2016-12-31","dateModified":"2023-05-05","mainEntityOfPage":"https:\/\/www.anzug.cz\/jak-si-splnit-sen-o-vlastnim-bydleni\/","author":{"@type":"Person","@id":"https:\/\/www.anzug.cz\/author\/#Person","name":"anzug.cz\n","url":"https:\/\/www.anzug.cz\/author\/","identifier":1,"image":{"@type":"ImageObject","@id":"https:\/\/secure.gravatar.com\/avatar\/04053961f5a3d2af1f56d865c7fc774bb6a80b9754b2f4c57fa4f8cefa253bd4?s=96&d=mm&r=g","url":"https:\/\/secure.gravatar.com\/avatar\/04053961f5a3d2af1f56d865c7fc774bb6a80b9754b2f4c57fa4f8cefa253bd4?s=96&d=mm&r=g","height":96,"width":96}},"publisher":{"@type":"Organization","name":"anzug.cz","logo":{"@type":"ImageObject","@id":"\/logo.png","url":"\/logo.png","width":600,"height":60}},"image":{"@type":"ImageObject","@id":"https:\/\/anzug.cz\/wp-content\/uploads\/img_a303936_w2279_t1514726637.png","url":"https:\/\/anzug.cz\/wp-content\/uploads\/img_a303936_w2279_t1514726637.png","height":"","width":""},"wordCount":478,"keywords":null},{"@type":"Article","@id":"https:\/\/www.anzug.cz\/nikdo-by-nemel-nekonecne-pykat-za-malou-chybu-v-minulosti\/","headline":"Nikdo by nem\u011bl nekone\u010dn\u011b pykat za malou chybu v minulosti","url":"https:\/\/www.anzug.cz\/nikdo-by-nemel-nekonecne-pykat-za-malou-chybu-v-minulosti\/","datePublished":"2016-12-08","dateModified":"2023-05-05","mainEntityOfPage":"https:\/\/www.anzug.cz\/nikdo-by-nemel-nekonecne-pykat-za-malou-chybu-v-minulosti\/","author":{"@type":"Person","@id":"https:\/\/www.anzug.cz\/author\/#Person","name":"anzug.cz\n","url":"https:\/\/www.anzug.cz\/author\/","identifier":1,"image":{"@type":"ImageObject","@id":"https:\/\/secure.gravatar.com\/avatar\/04053961f5a3d2af1f56d865c7fc774bb6a80b9754b2f4c57fa4f8cefa253bd4?s=96&d=mm&r=g","url":"https:\/\/secure.gravatar.com\/avatar\/04053961f5a3d2af1f56d865c7fc774bb6a80b9754b2f4c57fa4f8cefa253bd4?s=96&d=mm&r=g","height":96,"width":96}},"publisher":{"@type":"Organization","name":"anzug.cz","logo":{"@type":"ImageObject","@id":"\/logo.png","url":"\/logo.png","width":600,"height":60}},"image":{"@type":"ImageObject","@id":"https:\/\/anzug.cz\/wp-content\/uploads\/img_a302824_w2279_t1512753143.jpg","url":"https:\/\/anzug.cz\/wp-content\/uploads\/img_a302824_w2279_t1512753143.jpg","height":"","width":""},"wordCount":589,"keywords":null},{"@type":"Article","@id":"https:\/\/www.anzug.cz\/francouzska-kinematografie\/","headline":"Francouzsk\u00e1 kinematografie","url":"https:\/\/www.anzug.cz\/francouzska-kinematografie\/","datePublished":"2016-11-23","dateModified":"2023-05-05","mainEntityOfPage":"https:\/\/www.anzug.cz\/francouzska-kinematografie\/","author":{"@type":"Person","@id":"https:\/\/www.anzug.cz\/author\/#Person","name":"anzug.cz\n","url":"https:\/\/www.anzug.cz\/author\/","identifier":1,"image":{"@type":"ImageObject","@id":"https:\/\/secure.gravatar.com\/avatar\/04053961f5a3d2af1f56d865c7fc774bb6a80b9754b2f4c57fa4f8cefa253bd4?s=96&d=mm&r=g","url":"https:\/\/secure.gravatar.com\/avatar\/04053961f5a3d2af1f56d865c7fc774bb6a80b9754b2f4c57fa4f8cefa253bd4?s=96&d=mm&r=g","height":96,"width":96}},"publisher":{"@type":"Organization","name":"anzug.cz","logo":{"@type":"ImageObject","@id":"\/logo.png","url":"\/logo.png","width":600,"height":60}},"image":{"@type":"ImageObject","@id":"https:\/\/anzug.cz\/wp-content\/uploads\/img_a301398_w2354_t1511464621.jpg","url":"https:\/\/anzug.cz\/wp-content\/uploads\/img_a301398_w2354_t1511464621.jpg","height":"","width":""},"wordCount":428,"keywords":null},{"@type":"Article","@id":"https:\/\/www.anzug.cz\/hra-na-kytaru\/","headline":"Hra na kytaru","url":"https:\/\/www.anzug.cz\/hra-na-kytaru\/","datePublished":"2016-11-15","dateModified":"2023-05-05","mainEntityOfPage":"https:\/\/www.anzug.cz\/hra-na-kytaru\/","author":{"@type":"Person","@id":"https:\/\/www.anzug.cz\/author\/#Person","name":"anzug.cz\n","url":"https:\/\/www.anzug.cz\/author\/","identifier":1,"image":{"@type":"ImageObject","@id":"https:\/\/secure.gravatar.com\/avatar\/04053961f5a3d2af1f56d865c7fc774bb6a80b9754b2f4c57fa4f8cefa253bd4?s=96&d=mm&r=g","url":"https:\/\/secure.gravatar.com\/avatar\/04053961f5a3d2af1f56d865c7fc774bb6a80b9754b2f4c57fa4f8cefa253bd4?s=96&d=mm&r=g","height":96,"width":96}},"publisher":{"@type":"Organization","name":"anzug.cz","logo":{"@type":"ImageObject","@id":"\/logo.png","url":"\/logo.png","width":600,"height":60}},"image":{"@type":"ImageObject","@id":"https:\/\/anzug.cz\/wp-content\/uploads\/img_a300755_w2279_t1510777522.jpg","url":"https:\/\/anzug.cz\/wp-content\/uploads\/img_a300755_w2279_t1510777522.jpg","height":"","width":""},"wordCount":616,"keywords":null}]},{"@context":"https:\/\/schema.org","@type":"WebSite","@id":"https:\/\/www.anzug.cz\/#website","name":"Anzug","url":"https:\/\/www.anzug.cz","potentialAction":{"@type":"SearchAction","target":"https:\/\/www.anzug.cz\/?s={search_term_string}","query-input":"required name=search_term_string"}}]