[{"@context":"https:\/\/schema.org\/","@type":"Blog","@id":"https:\/\/www.anzug.cz#Blog","headline":"Anzug","description":"\nTou\u017e\u00edte se dozv\u011bd\u011bt n\u011bco nov\u00e9ho, n\u011bco, co v\u00e1m nikde jinde ne\u0159eknou? Pak zav\u00edtejte na n\u00e1\u0161 web. Tady se dozv\u00edte v\u0161e, co stoj\u00ed za to. A nic, co za to nestoj\u00ed.","url":"https:\/\/www.anzug.cz","hasPart":[{"@type":"Article","@id":"https:\/\/www.anzug.cz\/doprejte-svemu-ditku-jen-to-nejlepsi\/","headline":"Dop\u0159ejte sv\u00e9mu d\u00edtku jen to nejlep\u0161\u00ed","url":"https:\/\/www.anzug.cz\/doprejte-svemu-ditku-jen-to-nejlepsi\/","datePublished":"2017-07-22","dateModified":"2023-05-05","mainEntityOfPage":"https:\/\/www.anzug.cz\/doprejte-svemu-ditku-jen-to-nejlepsi\/","author":{"@type":"Person","@id":"https:\/\/www.anzug.cz\/author\/#Person","name":"anzug.cz\n","url":"https:\/\/www.anzug.cz\/author\/","identifier":1,"image":{"@type":"ImageObject","@id":"https:\/\/secure.gravatar.com\/avatar\/04053961f5a3d2af1f56d865c7fc774bb6a80b9754b2f4c57fa4f8cefa253bd4?s=96&d=mm&r=g","url":"https:\/\/secure.gravatar.com\/avatar\/04053961f5a3d2af1f56d865c7fc774bb6a80b9754b2f4c57fa4f8cefa253bd4?s=96&d=mm&r=g","height":96,"width":96}},"publisher":{"@type":"Organization","name":"anzug.cz","logo":{"@type":"ImageObject","@id":"\/logo.png","url":"\/logo.png","width":600,"height":60}},"image":{"@type":"ImageObject","@id":"https:\/\/anzug.cz\/wp-content\/uploads\/img_a321067_w2279_t1532247616.jpg","url":"https:\/\/anzug.cz\/wp-content\/uploads\/img_a321067_w2279_t1532247616.jpg","height":"","width":""},"wordCount":525,"keywords":null},{"@type":"Article","@id":"https:\/\/www.anzug.cz\/relativne-rychle-bezkonkurecne-levne\/","headline":"Relativn\u011b rychl\u00e9, bezkonkure\u010dn\u011b levn\u00e9","url":"https:\/\/www.anzug.cz\/relativne-rychle-bezkonkurecne-levne\/","datePublished":"2017-07-20","dateModified":"2023-05-05","mainEntityOfPage":"https:\/\/www.anzug.cz\/relativne-rychle-bezkonkurecne-levne\/","author":{"@type":"Person","@id":"https:\/\/www.anzug.cz\/author\/#Person","name":"anzug.cz\n","url":"https:\/\/www.anzug.cz\/author\/","identifier":1,"image":{"@type":"ImageObject","@id":"https:\/\/secure.gravatar.com\/avatar\/04053961f5a3d2af1f56d865c7fc774bb6a80b9754b2f4c57fa4f8cefa253bd4?s=96&d=mm&r=g","url":"https:\/\/secure.gravatar.com\/avatar\/04053961f5a3d2af1f56d865c7fc774bb6a80b9754b2f4c57fa4f8cefa253bd4?s=96&d=mm&r=g","height":96,"width":96}},"publisher":{"@type":"Organization","name":"anzug.cz","logo":{"@type":"ImageObject","@id":"\/logo.png","url":"\/logo.png","width":600,"height":60}},"image":{"@type":"ImageObject","@id":"https:\/\/anzug.cz\/wp-content\/uploads\/img_a320797_w2279_t1532070748.jpg","url":"https:\/\/anzug.cz\/wp-content\/uploads\/img_a320797_w2279_t1532070748.jpg","height":"","width":""},"wordCount":565,"keywords":null},{"@type":"Article","@id":"https:\/\/www.anzug.cz\/omlazeni-v-kelimku\/","headline":"Omlazen\u00ed v kel\u00edmku","url":"https:\/\/www.anzug.cz\/omlazeni-v-kelimku\/","datePublished":"2017-07-14","dateModified":"2023-05-05","mainEntityOfPage":"https:\/\/www.anzug.cz\/omlazeni-v-kelimku\/","author":{"@type":"Person","@id":"https:\/\/www.anzug.cz\/author\/#Person","name":"anzug.cz\n","url":"https:\/\/www.anzug.cz\/author\/","identifier":1,"image":{"@type":"ImageObject","@id":"https:\/\/secure.gravatar.com\/avatar\/04053961f5a3d2af1f56d865c7fc774bb6a80b9754b2f4c57fa4f8cefa253bd4?s=96&d=mm&r=g","url":"https:\/\/secure.gravatar.com\/avatar\/04053961f5a3d2af1f56d865c7fc774bb6a80b9754b2f4c57fa4f8cefa253bd4?s=96&d=mm&r=g","height":96,"width":96}},"publisher":{"@type":"Organization","name":"anzug.cz","logo":{"@type":"ImageObject","@id":"\/logo.png","url":"\/logo.png","width":600,"height":60}},"image":{"@type":"ImageObject","@id":"https:\/\/anzug.cz\/wp-content\/uploads\/img_a320304_w2279_t1531552244.jpg","url":"https:\/\/anzug.cz\/wp-content\/uploads\/img_a320304_w2279_t1531552244.jpg","height":"","width":""},"wordCount":570,"keywords":null},{"@type":"Article","@id":"https:\/\/www.anzug.cz\/5-rodicovskych-superschopnosti\/","headline":"5 rodi\u010dovsk\u00fdch superschopnost\u00ed","url":"https:\/\/www.anzug.cz\/5-rodicovskych-superschopnosti\/","datePublished":"2017-06-25","dateModified":"2023-05-05","mainEntityOfPage":"https:\/\/www.anzug.cz\/5-rodicovskych-superschopnosti\/","author":{"@type":"Person","@id":"https:\/\/www.anzug.cz\/author\/#Person","name":"anzug.cz\n","url":"https:\/\/www.anzug.cz\/author\/","identifier":1,"image":{"@type":"ImageObject","@id":"https:\/\/secure.gravatar.com\/avatar\/04053961f5a3d2af1f56d865c7fc774bb6a80b9754b2f4c57fa4f8cefa253bd4?s=96&d=mm&r=g","url":"https:\/\/secure.gravatar.com\/avatar\/04053961f5a3d2af1f56d865c7fc774bb6a80b9754b2f4c57fa4f8cefa253bd4?s=96&d=mm&r=g","height":96,"width":96}},"publisher":{"@type":"Organization","name":"anzug.cz","logo":{"@type":"ImageObject","@id":"\/logo.png","url":"\/logo.png","width":600,"height":60}},"image":{"@type":"ImageObject","@id":"https:\/\/anzug.cz\/wp-content\/uploads\/img_a319049_w2279_t1529951427.jpg","url":"https:\/\/anzug.cz\/wp-content\/uploads\/img_a319049_w2279_t1529951427.jpg","height":"","width":""},"wordCount":552,"keywords":null},{"@type":"Article","@id":"https:\/\/www.anzug.cz\/vyplati-se-investovat-do-seo-optimalizace-cena-je-dostupna-pro-kazdeho\/","headline":"Vyplat\u00ed se investovat do seo optimalizace, cena je dostupn\u00e1 pro ka\u017ed\u00e9ho","url":"https:\/\/www.anzug.cz\/vyplati-se-investovat-do-seo-optimalizace-cena-je-dostupna-pro-kazdeho\/","datePublished":"2017-06-11","dateModified":"2023-05-05","mainEntityOfPage":"https:\/\/www.anzug.cz\/vyplati-se-investovat-do-seo-optimalizace-cena-je-dostupna-pro-kazdeho\/","author":{"@type":"Person","@id":"https:\/\/www.anzug.cz\/author\/#Person","name":"anzug.cz\n","url":"https:\/\/www.anzug.cz\/author\/","identifier":1,"image":{"@type":"ImageObject","@id":"https:\/\/secure.gravatar.com\/avatar\/04053961f5a3d2af1f56d865c7fc774bb6a80b9754b2f4c57fa4f8cefa253bd4?s=96&d=mm&r=g","url":"https:\/\/secure.gravatar.com\/avatar\/04053961f5a3d2af1f56d865c7fc774bb6a80b9754b2f4c57fa4f8cefa253bd4?s=96&d=mm&r=g","height":96,"width":96}},"publisher":{"@type":"Organization","name":"anzug.cz","logo":{"@type":"ImageObject","@id":"\/logo.png","url":"\/logo.png","width":600,"height":60}},"image":{"@type":"ImageObject","@id":"https:\/\/anzug.cz\/wp-content\/uploads\/img_a317956_w2235_t1528726098.jpg","url":"https:\/\/anzug.cz\/wp-content\/uploads\/img_a317956_w2235_t1528726098.jpg","height":"","width":""},"wordCount":704,"keywords":null},{"@type":"Article","@id":"https:\/\/www.anzug.cz\/escape-game-hradec-kralove\/","headline":"Escape game Hradec Kr\u00e1lov\u00e9","url":"https:\/\/www.anzug.cz\/escape-game-hradec-kralove\/","datePublished":"2017-05-27","dateModified":"2023-05-05","mainEntityOfPage":"https:\/\/www.anzug.cz\/escape-game-hradec-kralove\/","author":{"@type":"Person","@id":"https:\/\/www.anzug.cz\/author\/#Person","name":"anzug.cz\n","url":"https:\/\/www.anzug.cz\/author\/","identifier":1,"image":{"@type":"ImageObject","@id":"https:\/\/secure.gravatar.com\/avatar\/04053961f5a3d2af1f56d865c7fc774bb6a80b9754b2f4c57fa4f8cefa253bd4?s=96&d=mm&r=g","url":"https:\/\/secure.gravatar.com\/avatar\/04053961f5a3d2af1f56d865c7fc774bb6a80b9754b2f4c57fa4f8cefa253bd4?s=96&d=mm&r=g","height":96,"width":96}},"publisher":{"@type":"Organization","name":"anzug.cz","logo":{"@type":"ImageObject","@id":"\/logo.png","url":"\/logo.png","width":600,"height":60}},"image":{"@type":"ImageObject","@id":"https:\/\/anzug.cz\/wp-content\/uploads\/img_a316427_w2279_t1527409861.jpg","url":"https:\/\/anzug.cz\/wp-content\/uploads\/img_a316427_w2279_t1527409861.jpg","height":"","width":""},"wordCount":610,"keywords":null},{"@type":"Article","@id":"https:\/\/www.anzug.cz\/vstricna-pujcka-ze-ktere-nebudete-mit-tezkou-hlavu\/","headline":"Vst\u0159\u00edcn\u00e1 p\u016fj\u010dka, ze kter\u00e9 nebudete m\u00edt t\u011b\u017ekou hlavu","url":"https:\/\/www.anzug.cz\/vstricna-pujcka-ze-ktere-nebudete-mit-tezkou-hlavu\/","datePublished":"2017-05-21","dateModified":"2023-05-05","mainEntityOfPage":"https:\/\/www.anzug.cz\/vstricna-pujcka-ze-ktere-nebudete-mit-tezkou-hlavu\/","author":{"@type":"Person","@id":"https:\/\/www.anzug.cz\/author\/#Person","name":"anzug.cz\n","url":"https:\/\/www.anzug.cz\/author\/","identifier":1,"image":{"@type":"ImageObject","@id":"https:\/\/secure.gravatar.com\/avatar\/04053961f5a3d2af1f56d865c7fc774bb6a80b9754b2f4c57fa4f8cefa253bd4?s=96&d=mm&r=g","url":"https:\/\/secure.gravatar.com\/avatar\/04053961f5a3d2af1f56d865c7fc774bb6a80b9754b2f4c57fa4f8cefa253bd4?s=96&d=mm&r=g","height":96,"width":96}},"publisher":{"@type":"Organization","name":"anzug.cz","logo":{"@type":"ImageObject","@id":"\/logo.png","url":"\/logo.png","width":600,"height":60}},"image":{"@type":"ImageObject","@id":"https:\/\/anzug.cz\/wp-content\/uploads\/img_a315908_w2279_t1526888793.jpg","url":"https:\/\/anzug.cz\/wp-content\/uploads\/img_a315908_w2279_t1526888793.jpg","height":"","width":""},"wordCount":4542,"keywords":null},{"@type":"Article","@id":"https:\/\/www.anzug.cz\/transplantace-vzpominek\/","headline":"Transplantace vzpom\u00ednek","url":"https:\/\/www.anzug.cz\/transplantace-vzpominek\/","datePublished":"2017-04-11","dateModified":"2023-05-05","mainEntityOfPage":"https:\/\/www.anzug.cz\/transplantace-vzpominek\/","author":{"@type":"Person","@id":"https:\/\/www.anzug.cz\/author\/#Person","name":"anzug.cz\n","url":"https:\/\/www.anzug.cz\/author\/","identifier":1,"image":{"@type":"ImageObject","@id":"https:\/\/secure.gravatar.com\/avatar\/04053961f5a3d2af1f56d865c7fc774bb6a80b9754b2f4c57fa4f8cefa253bd4?s=96&d=mm&r=g","url":"https:\/\/secure.gravatar.com\/avatar\/04053961f5a3d2af1f56d865c7fc774bb6a80b9754b2f4c57fa4f8cefa253bd4?s=96&d=mm&r=g","height":96,"width":96}},"publisher":{"@type":"Organization","name":"anzug.cz","logo":{"@type":"ImageObject","@id":"\/logo.png","url":"\/logo.png","width":600,"height":60}},"image":{"@type":"ImageObject","@id":"https:\/\/anzug.cz\/wp-content\/uploads\/img_a312625_w2279_t1523436702.jpg","url":"https:\/\/anzug.cz\/wp-content\/uploads\/img_a312625_w2279_t1523436702.jpg","height":"","width":""},"wordCount":502,"keywords":null},{"@type":"Article","@id":"https:\/\/www.anzug.cz\/nepostradatelna-v-obyvacim-pokoji\/","headline":"Nepostradateln\u00e1 v ob\u00fdvac\u00edm pokoji","url":"https:\/\/www.anzug.cz\/nepostradatelna-v-obyvacim-pokoji\/","datePublished":"2017-03-26","dateModified":"2023-05-05","mainEntityOfPage":"https:\/\/www.anzug.cz\/nepostradatelna-v-obyvacim-pokoji\/","author":{"@type":"Person","@id":"https:\/\/www.anzug.cz\/author\/#Person","name":"anzug.cz\n","url":"https:\/\/www.anzug.cz\/author\/","identifier":1,"image":{"@type":"ImageObject","@id":"https:\/\/secure.gravatar.com\/avatar\/04053961f5a3d2af1f56d865c7fc774bb6a80b9754b2f4c57fa4f8cefa253bd4?s=96&d=mm&r=g","url":"https:\/\/secure.gravatar.com\/avatar\/04053961f5a3d2af1f56d865c7fc774bb6a80b9754b2f4c57fa4f8cefa253bd4?s=96&d=mm&r=g","height":96,"width":96}},"publisher":{"@type":"Organization","name":"anzug.cz","logo":{"@type":"ImageObject","@id":"\/logo.png","url":"\/logo.png","width":600,"height":60}},"image":{"@type":"ImageObject","@id":"https:\/\/anzug.cz\/wp-content\/uploads\/img_a311126_w2279_t1522060069.jpg","url":"https:\/\/anzug.cz\/wp-content\/uploads\/img_a311126_w2279_t1522060069.jpg","height":"","width":""},"wordCount":531,"keywords":null},{"@type":"Article","@id":"https:\/\/www.anzug.cz\/zarucene-tipy-na-hubnuti\/","headline":"Zaru\u010den\u00e9 tipy na hubnut\u00ed","url":"https:\/\/www.anzug.cz\/zarucene-tipy-na-hubnuti\/","datePublished":"2017-03-13","dateModified":"2023-05-05","mainEntityOfPage":"https:\/\/www.anzug.cz\/zarucene-tipy-na-hubnuti\/","author":{"@type":"Person","@id":"https:\/\/www.anzug.cz\/author\/#Person","name":"anzug.cz\n","url":"https:\/\/www.anzug.cz\/author\/","identifier":1,"image":{"@type":"ImageObject","@id":"https:\/\/secure.gravatar.com\/avatar\/04053961f5a3d2af1f56d865c7fc774bb6a80b9754b2f4c57fa4f8cefa253bd4?s=96&d=mm&r=g","url":"https:\/\/secure.gravatar.com\/avatar\/04053961f5a3d2af1f56d865c7fc774bb6a80b9754b2f4c57fa4f8cefa253bd4?s=96&d=mm&r=g","height":96,"width":96}},"publisher":{"@type":"Organization","name":"anzug.cz","logo":{"@type":"ImageObject","@id":"\/logo.png","url":"\/logo.png","width":600,"height":60}},"image":{"@type":"ImageObject","@id":"https:\/\/anzug.cz\/wp-content\/uploads\/img_a309939_w2279_t1520928621.jpg","url":"https:\/\/anzug.cz\/wp-content\/uploads\/img_a309939_w2279_t1520928621.jpg","height":"","width":""},"wordCount":509,"keywords":null}]},{"@context":"https:\/\/schema.org","@type":"WebSite","@id":"https:\/\/www.anzug.cz\/#website","name":"Anzug","url":"https:\/\/www.anzug.cz","potentialAction":{"@type":"SearchAction","target":"https:\/\/www.anzug.cz\/?s={search_term_string}","query-input":"required name=search_term_string"}}]