[{"@context":"https:\/\/schema.org\/","@type":"Blog","@id":"https:\/\/www.anzug.cz#Blog","headline":"Anzug","description":"\nTou\u017e\u00edte se dozv\u011bd\u011bt n\u011bco nov\u00e9ho, n\u011bco, co v\u00e1m nikde jinde ne\u0159eknou? Pak zav\u00edtejte na n\u00e1\u0161 web. Tady se dozv\u00edte v\u0161e, co stoj\u00ed za to. A nic, co za to nestoj\u00ed.","url":"https:\/\/www.anzug.cz","hasPart":[{"@type":"Article","@id":"https:\/\/www.anzug.cz\/s-domem-na-cestach\/","headline":"S domem na cest\u00e1ch","url":"https:\/\/www.anzug.cz\/s-domem-na-cestach\/","datePublished":"2017-09-12","dateModified":"2023-05-05","mainEntityOfPage":"https:\/\/www.anzug.cz\/s-domem-na-cestach\/","author":{"@type":"Person","@id":"https:\/\/www.anzug.cz\/author\/#Person","name":"anzug.cz\n","url":"https:\/\/www.anzug.cz\/author\/","identifier":1,"image":{"@type":"ImageObject","@id":"https:\/\/secure.gravatar.com\/avatar\/04053961f5a3d2af1f56d865c7fc774bb6a80b9754b2f4c57fa4f8cefa253bd4?s=96&d=mm&r=g","url":"https:\/\/secure.gravatar.com\/avatar\/04053961f5a3d2af1f56d865c7fc774bb6a80b9754b2f4c57fa4f8cefa253bd4?s=96&d=mm&r=g","height":96,"width":96}},"publisher":{"@type":"Organization","name":"anzug.cz","logo":{"@type":"ImageObject","@id":"\/logo.png","url":"\/logo.png","width":600,"height":60}},"image":{"@type":"ImageObject","@id":"https:\/\/www.anzug.cz\/wp-content\/uploads\/img_a299658_w2279_t1509550984.jpg","url":"https:\/\/www.anzug.cz\/wp-content\/uploads\/img_a299658_w2279_t1509550984.jpg","height":0,"width":0},"wordCount":671,"keywords":null},{"@type":"Article","@id":"https:\/\/www.anzug.cz\/magneticky-drzak-telefonu-do-auta\/","headline":"Magnetick\u00fd dr\u017e\u00e1k telefonu do auta","url":"https:\/\/www.anzug.cz\/magneticky-drzak-telefonu-do-auta\/","datePublished":"2017-09-11","dateModified":"2023-05-05","mainEntityOfPage":"https:\/\/www.anzug.cz\/magneticky-drzak-telefonu-do-auta\/","author":{"@type":"Person","@id":"https:\/\/www.anzug.cz\/author\/#Person","name":"anzug.cz\n","url":"https:\/\/www.anzug.cz\/author\/","identifier":1,"image":{"@type":"ImageObject","@id":"https:\/\/secure.gravatar.com\/avatar\/04053961f5a3d2af1f56d865c7fc774bb6a80b9754b2f4c57fa4f8cefa253bd4?s=96&d=mm&r=g","url":"https:\/\/secure.gravatar.com\/avatar\/04053961f5a3d2af1f56d865c7fc774bb6a80b9754b2f4c57fa4f8cefa253bd4?s=96&d=mm&r=g","height":96,"width":96}},"publisher":{"@type":"Organization","name":"anzug.cz","logo":{"@type":"ImageObject","@id":"\/logo.png","url":"\/logo.png","width":600,"height":60}},"image":{"@type":"ImageObject","@id":"https:\/\/anzug.cz\/wp-content\/uploads\/img_a324763_w2279_t1536685218.jpg","url":"https:\/\/anzug.cz\/wp-content\/uploads\/img_a324763_w2279_t1536685218.jpg","height":"","width":""},"wordCount":519,"keywords":null},{"@type":"Article","@id":"https:\/\/www.anzug.cz\/fazole-mungo-kliceni\/","headline":"Fazole mungo kl\u00ed\u010den\u00ed","url":"https:\/\/www.anzug.cz\/fazole-mungo-kliceni\/","datePublished":"2017-09-11","dateModified":"2023-05-05","mainEntityOfPage":"https:\/\/www.anzug.cz\/fazole-mungo-kliceni\/","author":{"@type":"Person","@id":"https:\/\/www.anzug.cz\/author\/#Person","name":"anzug.cz\n","url":"https:\/\/www.anzug.cz\/author\/","identifier":1,"image":{"@type":"ImageObject","@id":"https:\/\/secure.gravatar.com\/avatar\/04053961f5a3d2af1f56d865c7fc774bb6a80b9754b2f4c57fa4f8cefa253bd4?s=96&d=mm&r=g","url":"https:\/\/secure.gravatar.com\/avatar\/04053961f5a3d2af1f56d865c7fc774bb6a80b9754b2f4c57fa4f8cefa253bd4?s=96&d=mm&r=g","height":96,"width":96}},"publisher":{"@type":"Organization","name":"anzug.cz","logo":{"@type":"ImageObject","@id":"\/logo.png","url":"\/logo.png","width":600,"height":60}},"image":{"@type":"ImageObject","@id":"https:\/\/anzug.cz\/wp-content\/uploads\/img_a324752_w2279_t1536665650.jpg","url":"https:\/\/anzug.cz\/wp-content\/uploads\/img_a324752_w2279_t1536665650.jpg","height":"","width":""},"wordCount":560,"keywords":null},{"@type":"Article","@id":"https:\/\/www.anzug.cz\/valentyn-neni-jen-o-zamilovanych\/","headline":"Valent\u00fdn nen\u00ed jen o zamilovan\u00fdch!","url":"https:\/\/www.anzug.cz\/valentyn-neni-jen-o-zamilovanych\/","datePublished":"2017-09-10","dateModified":"2023-05-05","mainEntityOfPage":"https:\/\/www.anzug.cz\/valentyn-neni-jen-o-zamilovanych\/","author":{"@type":"Person","@id":"https:\/\/www.anzug.cz\/author\/#Person","name":"anzug.cz\n","url":"https:\/\/www.anzug.cz\/author\/","identifier":1,"image":{"@type":"ImageObject","@id":"https:\/\/secure.gravatar.com\/avatar\/04053961f5a3d2af1f56d865c7fc774bb6a80b9754b2f4c57fa4f8cefa253bd4?s=96&d=mm&r=g","url":"https:\/\/secure.gravatar.com\/avatar\/04053961f5a3d2af1f56d865c7fc774bb6a80b9754b2f4c57fa4f8cefa253bd4?s=96&d=mm&r=g","height":96,"width":96}},"publisher":{"@type":"Organization","name":"anzug.cz","logo":{"@type":"ImageObject","@id":"\/logo.png","url":"\/logo.png","width":600,"height":60}},"image":{"@type":"ImageObject","@id":"https:\/\/anzug.cz\/wp-content\/uploads\/img_a324653_w2279_t1536565528.jpg","url":"https:\/\/anzug.cz\/wp-content\/uploads\/img_a324653_w2279_t1536565528.jpg","height":"","width":""},"wordCount":617,"keywords":null},{"@type":"Article","@id":"https:\/\/www.anzug.cz\/volba-pro-kazdeho\/","headline":"Volba pro ka\u017ed\u00e9ho","url":"https:\/\/www.anzug.cz\/volba-pro-kazdeho\/","datePublished":"2017-08-18","dateModified":"2023-05-05","mainEntityOfPage":"https:\/\/www.anzug.cz\/volba-pro-kazdeho\/","author":{"@type":"Person","@id":"https:\/\/www.anzug.cz\/author\/#Person","name":"anzug.cz\n","url":"https:\/\/www.anzug.cz\/author\/","identifier":1,"image":{"@type":"ImageObject","@id":"https:\/\/secure.gravatar.com\/avatar\/04053961f5a3d2af1f56d865c7fc774bb6a80b9754b2f4c57fa4f8cefa253bd4?s=96&d=mm&r=g","url":"https:\/\/secure.gravatar.com\/avatar\/04053961f5a3d2af1f56d865c7fc774bb6a80b9754b2f4c57fa4f8cefa253bd4?s=96&d=mm&r=g","height":96,"width":96}},"publisher":{"@type":"Organization","name":"anzug.cz","logo":{"@type":"ImageObject","@id":"\/logo.png","url":"\/logo.png","width":600,"height":60}},"image":{"@type":"ImageObject","@id":"https:\/\/anzug.cz\/wp-content\/uploads\/img_a322815_w2279_t1534583099.jpg","url":"https:\/\/anzug.cz\/wp-content\/uploads\/img_a322815_w2279_t1534583099.jpg","height":"","width":""},"wordCount":502,"keywords":null},{"@type":"Article","@id":"https:\/\/www.anzug.cz\/vase-deti-se-nudi\/","headline":"Va\u0161e d\u011bti se nud\u00ed?","url":"https:\/\/www.anzug.cz\/vase-deti-se-nudi\/","datePublished":"2017-08-16","dateModified":"2023-05-05","mainEntityOfPage":"https:\/\/www.anzug.cz\/vase-deti-se-nudi\/","author":{"@type":"Person","@id":"https:\/\/www.anzug.cz\/author\/#Person","name":"anzug.cz\n","url":"https:\/\/www.anzug.cz\/author\/","identifier":1,"image":{"@type":"ImageObject","@id":"https:\/\/secure.gravatar.com\/avatar\/04053961f5a3d2af1f56d865c7fc774bb6a80b9754b2f4c57fa4f8cefa253bd4?s=96&d=mm&r=g","url":"https:\/\/secure.gravatar.com\/avatar\/04053961f5a3d2af1f56d865c7fc774bb6a80b9754b2f4c57fa4f8cefa253bd4?s=96&d=mm&r=g","height":96,"width":96}},"publisher":{"@type":"Organization","name":"anzug.cz","logo":{"@type":"ImageObject","@id":"\/logo.png","url":"\/logo.png","width":600,"height":60}},"image":{"@type":"ImageObject","@id":"https:\/\/anzug.cz\/wp-content\/uploads\/img_a322676_w2279_t1534403811.jpg","url":"https:\/\/anzug.cz\/wp-content\/uploads\/img_a322676_w2279_t1534403811.jpg","height":"","width":""},"wordCount":538,"keywords":null},{"@type":"Article","@id":"https:\/\/www.anzug.cz\/virtualni-budoucnost\/","headline":"Virtu\u00e1ln\u00ed budoucnost","url":"https:\/\/www.anzug.cz\/virtualni-budoucnost\/","datePublished":"2017-08-14","dateModified":"2023-05-05","mainEntityOfPage":"https:\/\/www.anzug.cz\/virtualni-budoucnost\/","author":{"@type":"Person","@id":"https:\/\/www.anzug.cz\/author\/#Person","name":"anzug.cz\n","url":"https:\/\/www.anzug.cz\/author\/","identifier":1,"image":{"@type":"ImageObject","@id":"https:\/\/secure.gravatar.com\/avatar\/04053961f5a3d2af1f56d865c7fc774bb6a80b9754b2f4c57fa4f8cefa253bd4?s=96&d=mm&r=g","url":"https:\/\/secure.gravatar.com\/avatar\/04053961f5a3d2af1f56d865c7fc774bb6a80b9754b2f4c57fa4f8cefa253bd4?s=96&d=mm&r=g","height":96,"width":96}},"publisher":{"@type":"Organization","name":"anzug.cz","logo":{"@type":"ImageObject","@id":"\/logo.png","url":"\/logo.png","width":600,"height":60}},"image":{"@type":"ImageObject","@id":"https:\/\/anzug.cz\/wp-content\/uploads\/img_a322576_w2279_t1534254319.jpg","url":"https:\/\/anzug.cz\/wp-content\/uploads\/img_a322576_w2279_t1534254319.jpg","height":"","width":""},"wordCount":462,"keywords":null},{"@type":"Article","@id":"https:\/\/www.anzug.cz\/prirodni-kosmetika\/","headline":"P\u0159\u00edrodn\u00ed kosmetika","url":"https:\/\/www.anzug.cz\/prirodni-kosmetika\/","datePublished":"2017-08-10","dateModified":"2023-05-05","mainEntityOfPage":"https:\/\/www.anzug.cz\/prirodni-kosmetika\/","author":{"@type":"Person","@id":"https:\/\/www.anzug.cz\/author\/#Person","name":"anzug.cz\n","url":"https:\/\/www.anzug.cz\/author\/","identifier":1,"image":{"@type":"ImageObject","@id":"https:\/\/secure.gravatar.com\/avatar\/04053961f5a3d2af1f56d865c7fc774bb6a80b9754b2f4c57fa4f8cefa253bd4?s=96&d=mm&r=g","url":"https:\/\/secure.gravatar.com\/avatar\/04053961f5a3d2af1f56d865c7fc774bb6a80b9754b2f4c57fa4f8cefa253bd4?s=96&d=mm&r=g","height":96,"width":96}},"publisher":{"@type":"Organization","name":"anzug.cz","logo":{"@type":"ImageObject","@id":"\/logo.png","url":"\/logo.png","width":600,"height":60}},"image":{"@type":"ImageObject","@id":"https:\/\/anzug.cz\/wp-content\/uploads\/img_a322300_w2279_t1533882427.jpg","url":"https:\/\/anzug.cz\/wp-content\/uploads\/img_a322300_w2279_t1533882427.jpg","height":"","width":""},"wordCount":4611,"keywords":null},{"@type":"Article","@id":"https:\/\/www.anzug.cz\/slunicko-nam-pomaha-udrzovat-teplou-vodu-v-bazenu\/","headline":"Slun\u00ed\u010dko n\u00e1m pom\u00e1h\u00e1 udr\u017eovat teplou vodu v baz\u00e9nu","url":"https:\/\/www.anzug.cz\/slunicko-nam-pomaha-udrzovat-teplou-vodu-v-bazenu\/","datePublished":"2017-08-09","dateModified":"2023-05-05","mainEntityOfPage":"https:\/\/www.anzug.cz\/slunicko-nam-pomaha-udrzovat-teplou-vodu-v-bazenu\/","author":{"@type":"Person","@id":"https:\/\/www.anzug.cz\/author\/#Person","name":"anzug.cz\n","url":"https:\/\/www.anzug.cz\/author\/","identifier":1,"image":{"@type":"ImageObject","@id":"https:\/\/secure.gravatar.com\/avatar\/04053961f5a3d2af1f56d865c7fc774bb6a80b9754b2f4c57fa4f8cefa253bd4?s=96&d=mm&r=g","url":"https:\/\/secure.gravatar.com\/avatar\/04053961f5a3d2af1f56d865c7fc774bb6a80b9754b2f4c57fa4f8cefa253bd4?s=96&d=mm&r=g","height":96,"width":96}},"publisher":{"@type":"Organization","name":"anzug.cz","logo":{"@type":"ImageObject","@id":"\/logo.png","url":"\/logo.png","width":600,"height":60}},"image":{"@type":"ImageObject","@id":"https:\/\/www.anzug.cz\/wp-content\/uploads\/img_a297659_w2279_t1508066815.jpg","url":"https:\/\/www.anzug.cz\/wp-content\/uploads\/img_a297659_w2279_t1508066815.jpg","height":0,"width":0},"wordCount":546,"keywords":null},{"@type":"Article","@id":"https:\/\/www.anzug.cz\/studujte-a-vyuzivejte-slev\/","headline":"Studujte a vyu\u017e\u00edvejte slev","url":"https:\/\/www.anzug.cz\/studujte-a-vyuzivejte-slev\/","datePublished":"2017-08-05","dateModified":"2023-05-05","mainEntityOfPage":"https:\/\/www.anzug.cz\/studujte-a-vyuzivejte-slev\/","author":{"@type":"Person","@id":"https:\/\/www.anzug.cz\/author\/#Person","name":"anzug.cz\n","url":"https:\/\/www.anzug.cz\/author\/","identifier":1,"image":{"@type":"ImageObject","@id":"https:\/\/secure.gravatar.com\/avatar\/04053961f5a3d2af1f56d865c7fc774bb6a80b9754b2f4c57fa4f8cefa253bd4?s=96&d=mm&r=g","url":"https:\/\/secure.gravatar.com\/avatar\/04053961f5a3d2af1f56d865c7fc774bb6a80b9754b2f4c57fa4f8cefa253bd4?s=96&d=mm&r=g","height":96,"width":96}},"publisher":{"@type":"Organization","name":"anzug.cz","logo":{"@type":"ImageObject","@id":"\/logo.png","url":"\/logo.png","width":600,"height":60}},"image":{"@type":"ImageObject","@id":"https:\/\/anzug.cz\/wp-content\/uploads\/img_a321985_w2279_t1533457326.jpg","url":"https:\/\/anzug.cz\/wp-content\/uploads\/img_a321985_w2279_t1533457326.jpg","height":"","width":""},"wordCount":4536,"keywords":null}]},{"@context":"https:\/\/schema.org","@type":"WebSite","@id":"https:\/\/www.anzug.cz\/#website","name":"Anzug","url":"https:\/\/www.anzug.cz","potentialAction":{"@type":"SearchAction","target":"https:\/\/www.anzug.cz\/?s={search_term_string}","query-input":"required name=search_term_string"}}]