[{"@context":"https:\/\/schema.org\/","@type":"Blog","@id":"https:\/\/www.anzug.cz#Blog","headline":"Anzug","description":"\nTou\u017e\u00edte se dozv\u011bd\u011bt n\u011bco nov\u00e9ho, n\u011bco, co v\u00e1m nikde jinde ne\u0159eknou? Pak zav\u00edtejte na n\u00e1\u0161 web. Tady se dozv\u00edte v\u0161e, co stoj\u00ed za to. A nic, co za to nestoj\u00ed.","url":"https:\/\/www.anzug.cz","hasPart":[{"@type":"Article","@id":"https:\/\/www.anzug.cz\/jake-vyhody-nabizi-nebankovni-spolecnosti\/","headline":"Jak\u00e9 v\u00fdhody nab\u00edz\u00ed nebankovn\u00ed spole\u010dnosti?","url":"https:\/\/www.anzug.cz\/jake-vyhody-nabizi-nebankovni-spolecnosti\/","datePublished":"2021-05-31","dateModified":"2023-05-05","mainEntityOfPage":"https:\/\/www.anzug.cz\/jake-vyhody-nabizi-nebankovni-spolecnosti\/","author":{"@type":"Person","@id":"https:\/\/www.anzug.cz\/author\/#Person","name":"anzug.cz\n","url":"https:\/\/www.anzug.cz\/author\/","identifier":1,"image":{"@type":"ImageObject","@id":"https:\/\/secure.gravatar.com\/avatar\/04053961f5a3d2af1f56d865c7fc774bb6a80b9754b2f4c57fa4f8cefa253bd4?s=96&d=mm&r=g","url":"https:\/\/secure.gravatar.com\/avatar\/04053961f5a3d2af1f56d865c7fc774bb6a80b9754b2f4c57fa4f8cefa253bd4?s=96&d=mm&r=g","height":96,"width":96}},"publisher":{"@type":"Organization","name":"anzug.cz","logo":{"@type":"ImageObject","@id":"\/logo.png","url":"\/logo.png","width":600,"height":60}},"image":{"@type":"ImageObject","@id":"https:\/\/anzug.cz\/wp-content\/uploads\/pexels-andrea-piacquadio-3760067%20(10)_2.jpg","url":"https:\/\/anzug.cz\/wp-content\/uploads\/pexels-andrea-piacquadio-3760067%20(10)_2.jpg","height":"","width":""},"wordCount":660,"keywords":null},{"@type":"Article","@id":"https:\/\/www.anzug.cz\/nakupujte-chytre\/","headline":"Nakupujte chyt\u0159e","url":"https:\/\/www.anzug.cz\/nakupujte-chytre\/","datePublished":"2021-05-03","dateModified":"2023-05-05","mainEntityOfPage":"https:\/\/www.anzug.cz\/nakupujte-chytre\/","author":{"@type":"Person","@id":"https:\/\/www.anzug.cz\/author\/#Person","name":"anzug.cz\n","url":"https:\/\/www.anzug.cz\/author\/","identifier":1,"image":{"@type":"ImageObject","@id":"https:\/\/secure.gravatar.com\/avatar\/04053961f5a3d2af1f56d865c7fc774bb6a80b9754b2f4c57fa4f8cefa253bd4?s=96&d=mm&r=g","url":"https:\/\/secure.gravatar.com\/avatar\/04053961f5a3d2af1f56d865c7fc774bb6a80b9754b2f4c57fa4f8cefa253bd4?s=96&d=mm&r=g","height":96,"width":96}},"publisher":{"@type":"Organization","name":"anzug.cz","logo":{"@type":"ImageObject","@id":"\/logo.png","url":"\/logo.png","width":600,"height":60}},"image":{"@type":"ImageObject","@id":"https:\/\/anzug.cz\/wp-content\/uploads\/pexels-max-fischer-5868272.jpg","url":"https:\/\/anzug.cz\/wp-content\/uploads\/pexels-max-fischer-5868272.jpg","height":"","width":""},"wordCount":601,"keywords":null},{"@type":"Article","@id":"https:\/\/www.anzug.cz\/cvicte-pravidelne-rozhodne-toho-nebudete-litovat\/","headline":"Cvi\u010dte pravideln\u011b. Rozhodn\u011b toho nebudete litovat","url":"https:\/\/www.anzug.cz\/cvicte-pravidelne-rozhodne-toho-nebudete-litovat\/","datePublished":"2021-04-25","dateModified":"2023-05-05","mainEntityOfPage":"https:\/\/www.anzug.cz\/cvicte-pravidelne-rozhodne-toho-nebudete-litovat\/","author":{"@type":"Person","@id":"https:\/\/www.anzug.cz\/author\/#Person","name":"anzug.cz\n","url":"https:\/\/www.anzug.cz\/author\/","identifier":1,"image":{"@type":"ImageObject","@id":"https:\/\/secure.gravatar.com\/avatar\/04053961f5a3d2af1f56d865c7fc774bb6a80b9754b2f4c57fa4f8cefa253bd4?s=96&d=mm&r=g","url":"https:\/\/secure.gravatar.com\/avatar\/04053961f5a3d2af1f56d865c7fc774bb6a80b9754b2f4c57fa4f8cefa253bd4?s=96&d=mm&r=g","height":96,"width":96}},"publisher":{"@type":"Organization","name":"anzug.cz","logo":{"@type":"ImageObject","@id":"\/logo.png","url":"\/logo.png","width":600,"height":60}},"image":{"@type":"ImageObject","@id":"https:\/\/anzug.cz\/wp-content\/uploads\/Trampol%C3%ADna%20venku_6.jpg","url":"https:\/\/anzug.cz\/wp-content\/uploads\/Trampol%C3%ADna%20venku_6.jpg","height":"","width":""},"wordCount":629,"keywords":null},{"@type":"Article","@id":"https:\/\/www.anzug.cz\/proc-jsou-nutne-florbalove-brankarske-chranice-ci-basketbalove-dresy\/","headline":"Pro\u010d jsou nutn\u00e9 florbalov\u00e9 brank\u00e1\u0159sk\u00e9 chr\u00e1ni\u010de \u010di basketbalov\u00e9 dresy?","url":"https:\/\/www.anzug.cz\/proc-jsou-nutne-florbalove-brankarske-chranice-ci-basketbalove-dresy\/","datePublished":"2021-04-11","dateModified":"2023-08-17","mainEntityOfPage":"https:\/\/www.anzug.cz\/proc-jsou-nutne-florbalove-brankarske-chranice-ci-basketbalove-dresy\/","author":{"@type":"Person","@id":"https:\/\/www.anzug.cz\/author\/#Person","name":"anzug.cz\n","url":"https:\/\/www.anzug.cz\/author\/","identifier":1,"image":{"@type":"ImageObject","@id":"https:\/\/secure.gravatar.com\/avatar\/04053961f5a3d2af1f56d865c7fc774bb6a80b9754b2f4c57fa4f8cefa253bd4?s=96&d=mm&r=g","url":"https:\/\/secure.gravatar.com\/avatar\/04053961f5a3d2af1f56d865c7fc774bb6a80b9754b2f4c57fa4f8cefa253bd4?s=96&d=mm&r=g","height":96,"width":96}},"publisher":{"@type":"Organization","name":"anzug.cz","logo":{"@type":"ImageObject","@id":"\/logo.png","url":"\/logo.png","width":600,"height":60}},"image":{"@type":"ImageObject","@id":"https:\/\/www.anzug.cz\/wp-content\/uploads\/basketbalov%C3%BD%20m%C3%AD%C4%8D_jD4RN1.png","url":"https:\/\/www.anzug.cz\/wp-content\/uploads\/basketbalov%C3%BD%20m%C3%AD%C4%8D_jD4RN1.png","height":0,"width":0},"wordCount":545,"keywords":null},{"@type":"Article","@id":"https:\/\/www.anzug.cz\/jaky-kuchynsky-lustr-je-nejvhodnejsi\/","headline":"Jak\u00fd kuchy\u0148sk\u00fd lustr je nejvhodn\u011bj\u0161\u00ed?","url":"https:\/\/www.anzug.cz\/jaky-kuchynsky-lustr-je-nejvhodnejsi\/","datePublished":"2021-03-31","dateModified":"2023-05-05","mainEntityOfPage":"https:\/\/www.anzug.cz\/jaky-kuchynsky-lustr-je-nejvhodnejsi\/","author":{"@type":"Person","@id":"https:\/\/www.anzug.cz\/author\/#Person","name":"anzug.cz\n","url":"https:\/\/www.anzug.cz\/author\/","identifier":1,"image":{"@type":"ImageObject","@id":"https:\/\/secure.gravatar.com\/avatar\/04053961f5a3d2af1f56d865c7fc774bb6a80b9754b2f4c57fa4f8cefa253bd4?s=96&d=mm&r=g","url":"https:\/\/secure.gravatar.com\/avatar\/04053961f5a3d2af1f56d865c7fc774bb6a80b9754b2f4c57fa4f8cefa253bd4?s=96&d=mm&r=g","height":96,"width":96}},"publisher":{"@type":"Organization","name":"anzug.cz","logo":{"@type":"ImageObject","@id":"\/logo.png","url":"\/logo.png","width":600,"height":60}},"image":{"@type":"ImageObject","@id":"https:\/\/anzug.cz\/wp-content\/uploads\/kuchy%C5%88sk%C3%A9%20va%C5%99en%C3%AD.JPG","url":"https:\/\/anzug.cz\/wp-content\/uploads\/kuchy%C5%88sk%C3%A9%20va%C5%99en%C3%AD.JPG","height":"","width":""},"wordCount":936,"keywords":null},{"@type":"Article","@id":"https:\/\/www.anzug.cz\/my-boyfriend\/","headline":"My boyfriend","url":"https:\/\/www.anzug.cz\/my-boyfriend\/","datePublished":"2021-03-28","dateModified":"2023-05-05","mainEntityOfPage":"https:\/\/www.anzug.cz\/my-boyfriend\/","author":{"@type":"Person","@id":"https:\/\/www.anzug.cz\/author\/#Person","name":"anzug.cz\n","url":"https:\/\/www.anzug.cz\/author\/","identifier":1,"image":{"@type":"ImageObject","@id":"https:\/\/secure.gravatar.com\/avatar\/04053961f5a3d2af1f56d865c7fc774bb6a80b9754b2f4c57fa4f8cefa253bd4?s=96&d=mm&r=g","url":"https:\/\/secure.gravatar.com\/avatar\/04053961f5a3d2af1f56d865c7fc774bb6a80b9754b2f4c57fa4f8cefa253bd4?s=96&d=mm&r=g","height":96,"width":96}},"publisher":{"@type":"Organization","name":"anzug.cz","logo":{"@type":"ImageObject","@id":"\/logo.png","url":"\/logo.png","width":600,"height":60}},"image":{"@type":"ImageObject","@id":"https:\/\/anzug.cz\/wp-content\/uploads\/revolver.jpg","url":"https:\/\/anzug.cz\/wp-content\/uploads\/revolver.jpg","height":"","width":""},"wordCount":410,"keywords":null},{"@type":"Article","@id":"https:\/\/www.anzug.cz\/pergola-krasna-a-prakticka-zahradni-dekorace\/","headline":"Pergola: kr\u00e1sn\u00e1 a praktick\u00e1 zahradn\u00ed dekorace","url":"https:\/\/www.anzug.cz\/pergola-krasna-a-prakticka-zahradni-dekorace\/","datePublished":"2021-03-16","dateModified":"2023-12-08","mainEntityOfPage":"https:\/\/www.anzug.cz\/pergola-krasna-a-prakticka-zahradni-dekorace\/","author":{"@type":"Person","@id":"https:\/\/www.anzug.cz\/author\/#Person","name":"anzug.cz\n","url":"https:\/\/www.anzug.cz\/author\/","identifier":1,"image":{"@type":"ImageObject","@id":"https:\/\/secure.gravatar.com\/avatar\/04053961f5a3d2af1f56d865c7fc774bb6a80b9754b2f4c57fa4f8cefa253bd4?s=96&d=mm&r=g","url":"https:\/\/secure.gravatar.com\/avatar\/04053961f5a3d2af1f56d865c7fc774bb6a80b9754b2f4c57fa4f8cefa253bd4?s=96&d=mm&r=g","height":96,"width":96}},"publisher":{"@type":"Organization","name":"anzug.cz","logo":{"@type":"ImageObject","@id":"\/logo.png","url":"\/logo.png","width":600,"height":60}},"image":{"@type":"ImageObject","@id":"https:\/\/www.anzug.cz\/wp-content\/uploads\/pergola4.jpg","url":"https:\/\/www.anzug.cz\/wp-content\/uploads\/pergola4.jpg","height":0,"width":0},"wordCount":669,"keywords":null},{"@type":"Article","@id":"https:\/\/www.anzug.cz\/skvele-jablecne-pyre-v-biokvalite\/","headline":"Skv\u011bl\u00e9 jable\u010dn\u00e9 pyr\u00e9 v biokvalit\u011b.","url":"https:\/\/www.anzug.cz\/skvele-jablecne-pyre-v-biokvalite\/","datePublished":"2021-02-25","dateModified":"2023-05-05","mainEntityOfPage":"https:\/\/www.anzug.cz\/skvele-jablecne-pyre-v-biokvalite\/","author":{"@type":"Person","@id":"https:\/\/www.anzug.cz\/author\/#Person","name":"anzug.cz\n","url":"https:\/\/www.anzug.cz\/author\/","identifier":1,"image":{"@type":"ImageObject","@id":"https:\/\/secure.gravatar.com\/avatar\/04053961f5a3d2af1f56d865c7fc774bb6a80b9754b2f4c57fa4f8cefa253bd4?s=96&d=mm&r=g","url":"https:\/\/secure.gravatar.com\/avatar\/04053961f5a3d2af1f56d865c7fc774bb6a80b9754b2f4c57fa4f8cefa253bd4?s=96&d=mm&r=g","height":96,"width":96}},"publisher":{"@type":"Organization","name":"anzug.cz","logo":{"@type":"ImageObject","@id":"\/logo.png","url":"\/logo.png","width":600,"height":60}},"image":{"@type":"ImageObject","@id":"https:\/\/anzug.cz\/wp-content\/uploads\/apples-gad40ec639_640.jpg","url":"https:\/\/anzug.cz\/wp-content\/uploads\/apples-gad40ec639_640.jpg","height":"","width":""},"wordCount":586,"keywords":null},{"@type":"Article","@id":"https:\/\/www.anzug.cz\/jak-si-pujcuji-soukromnici\/","headline":"Jak si p\u016fj\u010duj\u00ed soukromn\u00edci?","url":"https:\/\/www.anzug.cz\/jak-si-pujcuji-soukromnici\/","datePublished":"2021-01-11","dateModified":"2023-05-05","mainEntityOfPage":"https:\/\/www.anzug.cz\/jak-si-pujcuji-soukromnici\/","author":{"@type":"Person","@id":"https:\/\/www.anzug.cz\/author\/#Person","name":"anzug.cz\n","url":"https:\/\/www.anzug.cz\/author\/","identifier":1,"image":{"@type":"ImageObject","@id":"https:\/\/secure.gravatar.com\/avatar\/04053961f5a3d2af1f56d865c7fc774bb6a80b9754b2f4c57fa4f8cefa253bd4?s=96&d=mm&r=g","url":"https:\/\/secure.gravatar.com\/avatar\/04053961f5a3d2af1f56d865c7fc774bb6a80b9754b2f4c57fa4f8cefa253bd4?s=96&d=mm&r=g","height":96,"width":96}},"publisher":{"@type":"Organization","name":"anzug.cz","logo":{"@type":"ImageObject","@id":"\/logo.png","url":"\/logo.png","width":600,"height":60}},"image":{"@type":"ImageObject","@id":"https:\/\/anzug.cz\/wp-content\/uploads\/eura%20hotovost_3.jpg","url":"https:\/\/anzug.cz\/wp-content\/uploads\/eura%20hotovost_3.jpg","height":"","width":""},"wordCount":733,"keywords":null},{"@type":"Article","@id":"https:\/\/www.anzug.cz\/muzeme-poridit-sedaci-pytel-pro-deti\/","headline":"M\u016f\u017eeme po\u0159\u00eddit sedac\u00ed pytel pro d\u011bti?","url":"https:\/\/www.anzug.cz\/muzeme-poridit-sedaci-pytel-pro-deti\/","datePublished":"2020-12-15","dateModified":"2023-05-05","mainEntityOfPage":"https:\/\/www.anzug.cz\/muzeme-poridit-sedaci-pytel-pro-deti\/","author":{"@type":"Person","@id":"https:\/\/www.anzug.cz\/author\/#Person","name":"anzug.cz\n","url":"https:\/\/www.anzug.cz\/author\/","identifier":1,"image":{"@type":"ImageObject","@id":"https:\/\/secure.gravatar.com\/avatar\/04053961f5a3d2af1f56d865c7fc774bb6a80b9754b2f4c57fa4f8cefa253bd4?s=96&d=mm&r=g","url":"https:\/\/secure.gravatar.com\/avatar\/04053961f5a3d2af1f56d865c7fc774bb6a80b9754b2f4c57fa4f8cefa253bd4?s=96&d=mm&r=g","height":96,"width":96}},"publisher":{"@type":"Organization","name":"anzug.cz","logo":{"@type":"ImageObject","@id":"\/logo.png","url":"\/logo.png","width":600,"height":60}},"image":{"@type":"ImageObject","@id":"https:\/\/www.anzug.cz\/wp-content\/uploads\/beanbag1_7.png","url":"https:\/\/www.anzug.cz\/wp-content\/uploads\/beanbag1_7.png","height":0,"width":0},"wordCount":614,"keywords":null}]},{"@context":"https:\/\/schema.org","@type":"WebSite","@id":"https:\/\/www.anzug.cz\/#website","name":"Anzug","url":"https:\/\/www.anzug.cz","potentialAction":{"@type":"SearchAction","target":"https:\/\/www.anzug.cz\/?s={search_term_string}","query-input":"required name=search_term_string"}}]