[{"@context":"https:\/\/schema.org\/","@type":"Article","@id":"https:\/\/www.anzug.cz\/muzeme-poridit-sedaci-pytel-pro-deti\/#Article","mainEntityOfPage":"https:\/\/www.anzug.cz\/muzeme-poridit-sedaci-pytel-pro-deti\/","headline":"M\u016f\u017eeme po\u0159\u00eddit sedac\u00ed pytel pro d\u011bti?","name":"M\u016f\u017eeme po\u0159\u00eddit sedac\u00ed pytel pro d\u011bti?","description":"Jako v\u0161e ostatn\u00ed, i vybaven\u00ed dom\u00e1cnosti podl\u00e9h\u00e1 m\u00f3dn\u00edm trend\u016fm. Sta\u010d\u00ed si jen vzpomenout, jak vypadal b\u011b\u017en\u00fd byt p\u0159ed t\u0159iceti lety, a jak vypad\u00e1 dnes. Ta <a class=\"mh-excerpt-more\" href=\"https:\/\/www.anzug.cz\/muzeme-poridit-sedaci-pytel-pro-deti\/\" title=\"M\u016f\u017eeme po\u0159\u00eddit sedac\u00ed pytel pro d\u011bti?\">[...]<\/a>","datePublished":"2020-12-15","dateModified":"2023-05-05","author":{"@type":"Person","@id":"https:\/\/www.anzug.cz\/author\/#Person","name":"anzug.cz\n","url":"https:\/\/www.anzug.cz\/author\/","identifier":1,"image":{"@type":"ImageObject","@id":"https:\/\/secure.gravatar.com\/avatar\/04053961f5a3d2af1f56d865c7fc774bb6a80b9754b2f4c57fa4f8cefa253bd4?s=96&d=mm&r=g","url":"https:\/\/secure.gravatar.com\/avatar\/04053961f5a3d2af1f56d865c7fc774bb6a80b9754b2f4c57fa4f8cefa253bd4?s=96&d=mm&r=g","height":96,"width":96}},"publisher":{"@type":"Organization","name":"anzug.cz","logo":{"@type":"ImageObject","@id":"\/logo.png","url":"\/logo.png","width":600,"height":60}},"image":{"@type":"ImageObject","@id":"https:\/\/www.anzug.cz\/wp-content\/uploads\/beanbag1_7.png","url":"https:\/\/www.anzug.cz\/wp-content\/uploads\/beanbag1_7.png","height":0,"width":0},"url":"https:\/\/www.anzug.cz\/muzeme-poridit-sedaci-pytel-pro-deti\/","about":["Zbo\u017e\u00ed"],"wordCount":450,"articleBody":" Jako v\u0161e ostatn\u00ed, i vybaven\u00ed dom\u00e1cnosti podl\u00e9h\u00e1 m\u00f3dn\u00edm trend\u016fm. Sta\u010d\u00ed si jen vzpomenout, jak vypadal b\u011b\u017en\u00fd byt p\u0159ed t\u0159iceti lety, a jak vypad\u00e1 dnes. Ta zm\u011bna je rozhodn\u011b markantn\u00ed. A je samoz\u0159ejm\u00e9, \u017ee se nezastav\u00ed. Za p\u00e1r des\u00edtek let budou zase lid\u00e9 koukat, jak byly domy vybaveny dnes.To se samoz\u0159ejm\u011b t\u00fdk\u00e1 i sedac\u00edho n\u00e1bytku. Zde je hlavn\u00edm krit\u00e9riem, aby byl dostate\u010dn\u011b pohodln\u00fd a aby n\u00e1m umo\u017e\u0148oval prov\u00e1d\u011bt po\u017eadovanou \u010dinnost. Nap\u0159\u00edklad do k\u0159esla se chceme zabo\u0159it s knihou, av\u0161ak u kuchy\u0148sk\u00e9ho stolu chceme j\u00edst. A to by se z hlubok\u00e9ho k\u0159esla dalo pom\u011brn\u011b t\u011b\u017eko.Ov\u0161em a\u010dkoliv \u017eidle, k\u0159eslo \u010di pohovka pat\u0159\u00ed k nejzn\u00e1m\u011bj\u0161\u00edm a nejb\u011b\u017en\u011bj\u0161\u00edm, zdaleka nejsou jedin\u00e9. V sou\u010dasn\u00e9 dob\u011b se za\u010d\u00edn\u00e1 zvy\u0161ovat popularita nejr\u016fzn\u011bj\u0161\u00edch sedac\u00edch vak\u016f \u010di pytl\u016f. Ty maj\u00ed tu v\u00fdhodu, \u017ee je m\u016f\u017eeme vytvarovat tak, jak pot\u0159ebujeme. Pln\u011b se p\u0159izp\u016fsob\u00ed na\u0161emu t\u011blu.Samoz\u0159ejm\u011b je pot\u0159eba po\u010d\u00edtat s t\u00edm, \u017ee jsou podstatn\u011b ni\u017e\u0161\u00ed ne\u017e \u017eidle nebo k\u0159eslo. Absolutn\u011b se tedy nehod\u00ed na pr\u00e1ci u stolu. Av\u0161ak pokud si chcete jen posed\u011bt, p\u0159\u00edpadn\u011b pokud m\u00e1te n\u00edzk\u00fd konferen\u010dn\u00ed stolek, pak zde mohou b\u00fdt ide\u00e1ln\u00ed.Dal\u0161\u00edm vyu\u017eit\u00edm je, pokud si hrajete nap\u0159\u00edklad s d\u011btmi s legem, kter\u00e9 m\u00e1te rozlo\u017eeno na zemi. To v\u0161ak p\u0159in\u00e1\u0161\u00ed ot\u00e1zku, zda je takov\u00fdto sedac\u00ed pytel pro d\u011bti  skute\u010dn\u011b to prav\u00e9. Jist\u011b, jsou mezi nimi velmi obl\u00edben\u00e9, zvl\u00e1\u0161t\u011b pro svou tvarovatelnost. A jejich vyu\u017eit\u00ed k hran\u00ed na zemi p\u0159\u00edmo vyb\u00edz\u00ed. Jsou zde ale i n\u011bjak\u00e1 negativa?Ano, jsou. Mus\u00edme si uv\u011bdomit, \u017ee d\u011btsk\u00e1 kostra se st\u00e1le vyv\u00edj\u00ed. A to se t\u00fdk\u00e1 i p\u00e1te\u0159e. Pokud chceme, aby s n\u00ed d\u00edt\u011b nem\u011blo v budoucnu probl\u00e9my, pak jednou z v\u011bc\u00ed, kter\u00e9 m\u016f\u017eeme ud\u011blat, je nau\u010dit jej spr\u00e1vn\u00e9mu sezen\u00ed. A to jde u takov\u00fdchto pytl\u016f, kter\u00e9 prakticky p\u0159\u00edmo l\u00e1kaj\u00ed k povalov\u00e1n\u00ed \u010di sezen\u00ed v nejr\u016fzn\u011bj\u0161\u00edch pozic\u00edch, jen t\u011b\u017eko.Tak\u017ee ano, rozhodn\u011b mohou m\u00edt sv\u00e9 v\u00fdhody. Av\u0161ak p\u0159edev\u0161\u00edm u d\u011bt\u00ed by nem\u011bly slou\u017eit za b\u011b\u017en\u00fd sedac\u00ed n\u00e1bytek. V\u011b\u0159te, \u017ee se to rozhodn\u011b vyplat\u00ed. Jde p\u0159eci o jejich zdrav\u00ed                                                                                                                                                                                                                                                                                                                                                                                         3.4\/5 - (10 votes)        "},{"@context":"https:\/\/schema.org\/","@type":"BreadcrumbList","itemListElement":[{"@type":"ListItem","position":1,"name":"M\u016f\u017eeme po\u0159\u00eddit sedac\u00ed pytel pro d\u011bti?","item":"https:\/\/www.anzug.cz\/muzeme-poridit-sedaci-pytel-pro-deti\/#breadcrumbitem"}]}]