[{"@context":"https:\/\/schema.org\/","@type":"Article","@id":"https:\/\/www.anzug.cz\/kam-na-dovolenou\/#Article","mainEntityOfPage":"https:\/\/www.anzug.cz\/kam-na-dovolenou\/","headline":"Kam na dovolenou?","name":"Kam na dovolenou?","description":"Prvn\u00ed zast\u00e1vkou pro v\u011bt\u0161inu cyklist\u016f, kte\u0159\u00ed vyd\u00e1vaj\u00ed na pozn\u00e1vac\u00ed pou\u0165 touto zem\u00ed, je Amsterdam. Hlavn\u00ed m\u011bsto, p\u0159es kter\u00e9 se p\u0159ehnaly d\u011bjiny. A jejich\u017e p\u0159ipom\u00ednky jsou <a class=\"mh-excerpt-more\" href=\"https:\/\/www.anzug.cz\/kam-na-dovolenou\/\" title=\"Kam na dovolenou?\">[...]<\/a>","datePublished":"2021-11-14","dateModified":"2023-05-05","author":{"@type":"Person","@id":"https:\/\/www.anzug.cz\/author\/#Person","name":"anzug.cz\n","url":"https:\/\/www.anzug.cz\/author\/","identifier":1,"image":{"@type":"ImageObject","@id":"https:\/\/secure.gravatar.com\/avatar\/04053961f5a3d2af1f56d865c7fc774bb6a80b9754b2f4c57fa4f8cefa253bd4?s=96&d=mm&r=g","url":"https:\/\/secure.gravatar.com\/avatar\/04053961f5a3d2af1f56d865c7fc774bb6a80b9754b2f4c57fa4f8cefa253bd4?s=96&d=mm&r=g","height":96,"width":96}},"publisher":{"@type":"Organization","name":"anzug.cz","logo":{"@type":"ImageObject","@id":"\/logo.png","url":"\/logo.png","width":600,"height":60}},"image":{"@type":"ImageObject","@id":"https:\/\/anzug.cz\/wp-content\/uploads\/slovakia_mountains_path_cyklo_2.jpg","url":"https:\/\/anzug.cz\/wp-content\/uploads\/slovakia_mountains_path_cyklo_2.jpg","height":"","width":""},"url":"https:\/\/www.anzug.cz\/kam-na-dovolenou\/","about":["Neza\u0159azen\u00e9"],"wordCount":449,"articleBody":"Prvn\u00ed zast\u00e1vkou pro v\u011bt\u0161inu cyklist\u016f, kte\u0159\u00ed vyd\u00e1vaj\u00ed na pozn\u00e1vac\u00ed pou\u0165 touto zem\u00ed, je Amsterdam. Hlavn\u00ed m\u011bsto, p\u0159es kter\u00e9 se p\u0159ehnaly d\u011bjiny. A jejich\u017e p\u0159ipom\u00ednky jsou k vid\u011bn\u00ed na ka\u017ed\u00e9m kroku. Co\u017e uspokoj\u00ed p\u0159edev\u0161\u00edm v\u0161echny milovn\u00edky architektury. Van Goghovo muzeum zase p\u0159it\u00e1hne ty, kte\u0159\u00ed maj\u00ed r\u00e1di v\u00fdtvarn\u00e9 um\u011bn\u00ed. Kr\u00e1lovsk\u00fd pal\u00e1c, brus\u00edrna diamant\u016f, kv\u011btinov\u00e9 trhy a spousta festival\u016f, kter\u00e9 tu b\u011bhem roku prob\u00edhaj\u00ed p\u0159itahuje v sou\u010dasn\u00e9 velk\u00e9 mno\u017estv\u00ed turist\u016f. A proto\u017ee je v n\u011bm\u00a0hlavn\u00edm dopravn\u00edm prost\u0159edkem kolo, budete se tu na tom sv\u00e9m c\u00edtit jako doma. Ide\u00e1ln\u00ed doba k dovolen\u00e9 v Holandsku je, vzhledem k \u010dast\u00fdm de\u0161\u0165ov\u00fdm sr\u00e1\u017ek\u00e1m, m\u011bs\u00edc kv\u011bten \u010di za\u010d\u00e1tek. P\u0159ibli\u017en\u011b \u010dty\u0159icet kilometr\u016f vzd\u00e1len\u00e9 je spr\u00e1vn\u00ed centrum provincie &#8211; Alkmaar. M\u011bsto, kter\u00e9 v p\u0159ekladu zna\u010d\u00ed al\u010d\u00ed jezero a vzniklo jako ryb\u00e1\u0159sk\u00e1 osada.U\u017e ve dvan\u00e1ct\u00e9m stolet\u00ed ale z\u00edskalo m\u011bstsk\u00e1 pr\u00e1va. A u\u017e \u010dty\u0159ista let se v n\u011bm konaj\u00ed slavn\u00e9 s\u00fdrov\u00e9 trhy. Na kter\u00e9 se ka\u017ed\u00fd p\u00e1tek sj\u00ed\u017ed\u011bj\u00ed z\u00e1kazn\u00edci ze \u0161irok\u00e9ho okol\u00ed. A nejen z Holandska. Oblibu si tyto lah\u016fdkov\u00e9 s\u00fdry z\u00edskaly po cel\u00e9m sv\u011bt\u011b. Ceremonie, kter\u00e1 je po cel\u00fd \u010das prov\u00e1z\u00ed za\u010d\u00edn\u00e1 p\u0159esn\u011b v deset hodin, \u00fadery zvon\u016f na p\u0159ilehl\u00e9m V\u00e1\u017en\u00edm n\u00e1m\u011bst\u00ed. P\u0159i nich\u017e na tr\u017ei\u0161t\u011b vyb\u00edh\u00e1 dvacet osm nosi\u010d\u016f s\u00fdr\u016f v b\u00edl\u00e9m oble\u010den\u00ed. Otec s\u00fdr\u016f v oran\u017eov\u00e9m\u00a0klobouku cel\u00fd pr\u016fvod koordinuje. Za prohl\u00eddku stoj\u00ed i historick\u00e9 centrum Alkmaaru. Velk\u00fd kostel se py\u0161n\u00ed kosteln\u00edmi varhanami z patn\u00e1ct\u00e9ho stolet\u00ed. Kter\u00e9 jsou nejstar\u0161\u00edmi v cel\u00e9m Nizozemsku.M\u011bste\u010dko Naarden le\u017e\u00ed od Amsterdamu asi dvacet kilometr\u016f a b\u00fdv\u00e1 ozna\u010dov\u00e1no jako jeho vstupn\u00ed br\u00e1na.\u00a0\u010ce\u0161t\u00ed turist\u00e9 jsou na tomto m\u00edst\u011b \u010dast\u00fdmi n\u00e1v\u0161t\u011bvn\u00edky. Proto\u017ee v m\u00edstn\u00edm kostel\u00edku nalezl posledn\u00ed odpo\u010dinek Jan \u00c1mos Komensk\u00fd. Kter\u00fd je dodnes uct\u00edvanou osobnost\u00ed na\u0161ich d\u011bjin. Jeho velkou\u00a0sochu\u00a0v nad\u017eivotn\u00ed velkosti, celou z bronzu, vytvo\u0159il na jeho pam\u00e1tku socha\u0159 Vincent Makovsk\u00fd. Muzeum, kter\u00e9 bylo vytvo\u0159eno\u00a0v sousedn\u00edm dom\u011b, seznamuje \u0161irokou ve\u0159ejnost, s p\u0159isp\u011bn\u00edm nizozemsk\u00fdch dobrovoln\u00edk\u016f, s bohatou sb\u00edrkou prac\u00ed tohoto g\u00e9nia. Od t\u011bch nejstar\u0161\u00edch\u00a0po nov\u011b vydan\u00e1.\u00a0                                                                                                                                                                                                                                                                                                                                                                                        4.3\/5 - (6 votes)        "},{"@context":"https:\/\/schema.org\/","@type":"BreadcrumbList","itemListElement":[{"@type":"ListItem","position":1,"name":"Kam na dovolenou?","item":"https:\/\/www.anzug.cz\/kam-na-dovolenou\/#breadcrumbitem"}]}]